{"id":49458,"date":"2023-06-08T07:25:31","date_gmt":"2023-06-08T07:25:31","guid":{"rendered":"https:\/\/luciellong.com\/tour-de-france-artistic-exploration-of-cycling-with-lcl-the-yellow-jersey-sponsor-and-christian-prudhomme\/"},"modified":"2023-12-30T18:14:40","modified_gmt":"2023-12-30T18:14:40","slug":"tour-de-france-artistic-exploration-of-cycling-with-lcl-the-yellow-jersey-sponsor-and-christian-prudhomme","status":"publish","type":"post","link":"https:\/\/luciellong.com\/en\/tour-de-france-artistic-exploration-of-cycling-with-lcl-the-yellow-jersey-sponsor-and-christian-prudhomme\/","title":{"rendered":"Tour de France: Artistic exploration of cycling with LCL, the yellow jersey sponsor and Christian Prudhomme"},"content":{"rendered":"\t\t<div data-elementor-type=\"wp-post\" data-elementor-id=\"49458\" class=\"elementor elementor-49458 elementor-49067\" data-elementor-post-type=\"post\">\n\t\t\t\t\t\t<section class=\"elementor-section elementor-top-section elementor-element elementor-element-70d7a4f elementor-section-boxed elementor-section-height-default elementor-section-height-default\" data-id=\"70d7a4f\" data-element_type=\"section\">\n\t\t\t\t\t\t<div class=\"elementor-container elementor-column-gap-default\">\n\t\t\t\t\t<div class=\"elementor-column elementor-col-100 elementor-top-column elementor-element elementor-element-47f6f8c\" data-id=\"47f6f8c\" data-element_type=\"column\">\n\t\t\t<div class=\"elementor-widget-wrap elementor-element-populated\">\n\t\t\t\t\t\t<div class=\"elementor-element elementor-element-63a4c68 elementor-widget elementor-widget-image\" data-id=\"63a4c68\" data-element_type=\"widget\" data-widget_type=\"image.default\">\n\t\t\t\t<div class=\"elementor-widget-container\">\n\t\t\t\t\t\t\t\t\t\t\t\t\t\t\t<img fetchpriority=\"high\" decoding=\"async\" width=\"1800\" height=\"659\" src=\"https:\/\/luciellong.com\/wp-content\/uploads\/2023\/06\/installation-exposition-lcl-maillot-jaune-tour-de-france.jpg\" class=\"attachment-full size-full wp-image-49185\" alt=\"\" srcset=\"https:\/\/luciellong.com\/wp-content\/uploads\/2023\/06\/installation-exposition-lcl-maillot-jaune-tour-de-france.jpg 1800w, https:\/\/luciellong.com\/wp-content\/uploads\/2023\/06\/installation-exposition-lcl-maillot-jaune-tour-de-france-300x110.jpg 300w, https:\/\/luciellong.com\/wp-content\/uploads\/2023\/06\/installation-exposition-lcl-maillot-jaune-tour-de-france-1024x375.jpg 1024w, https:\/\/luciellong.com\/wp-content\/uploads\/2023\/06\/installation-exposition-lcl-maillot-jaune-tour-de-france-768x281.jpg 768w, https:\/\/luciellong.com\/wp-content\/uploads\/2023\/06\/installation-exposition-lcl-maillot-jaune-tour-de-france-1536x562.jpg 1536w\" sizes=\"(max-width: 1800px) 100vw, 1800px\" \/>\t\t\t\t\t\t\t\t\t\t\t\t\t\t\t<\/div>\n\t\t\t\t<\/div>\n\t\t\t\t\t<\/div>\n\t\t<\/div>\n\t\t\t\t\t<\/div>\n\t\t<\/section>\n\t\t\t\t<section class=\"elementor-section elementor-top-section elementor-element elementor-element-a77d3f4 elementor-section-content-middle elementor-section-boxed elementor-section-height-default elementor-section-height-default\" data-id=\"a77d3f4\" data-element_type=\"section\">\n\t\t\t\t\t\t<div class=\"elementor-container elementor-column-gap-default\">\n\t\t\t\t\t<div class=\"elementor-column elementor-col-100 elementor-top-column elementor-element elementor-element-378736e\" data-id=\"378736e\" data-element_type=\"column\">\n\t\t\t<div class=\"elementor-widget-wrap elementor-element-populated\">\n\t\t\t\t\t\t<section class=\"elementor-section elementor-inner-section elementor-element elementor-element-e751693 elementor-section-content-middle elementor-reverse-mobile elementor-section-boxed elementor-section-height-default elementor-section-height-default\" data-id=\"e751693\" data-element_type=\"section\" data-settings=\"{&quot;background_background&quot;:&quot;classic&quot;}\">\n\t\t\t\t\t\t<div class=\"elementor-container elementor-column-gap-default\">\n\t\t\t\t\t<div class=\"elementor-column elementor-col-50 elementor-inner-column elementor-element elementor-element-ce70af8\" data-id=\"ce70af8\" data-element_type=\"column\">\n\t\t\t<div class=\"elementor-widget-wrap elementor-element-populated\">\n\t\t\t\t\t\t<div class=\"elementor-element elementor-element-69834b5 elementor-widget elementor-widget-text-editor\" data-id=\"69834b5\" data-element_type=\"widget\" data-widget_type=\"text-editor.default\">\n\t\t\t\t<div class=\"elementor-widget-container\">\n\t\t\t\t\t\t\t\t\t<p>May 30, 2023 &#8211; The Tour de France kicks off in a unique way this year, beginning with an exhibition on cycling and sports organized by LCL, the yellow jersey sponsor with Christian Prudhomme, the Tour&#8217;s director, and the sports artist Lucie LLONG as guests. This event sets the stage for the grand spectacle of the race, showcasing the passion, beauty, and artistry of the cycling world. This remarkable event brought together prestigious guests, such as members of the LCL Management Committee, Christian Prudhomme, the director of the Tour de Franc as well as large account customers passionate by cycling and sports<\/p>\n\t\t\t\t\t\t\t\t<\/div>\n\t\t\t\t<\/div>\n\t\t\t\t<div class=\"elementor-element elementor-element-efd7506 elementor-widget elementor-widget-text-editor\" data-id=\"efd7506\" data-element_type=\"widget\" data-widget_type=\"text-editor.default\">\n\t\t\t\t<div class=\"elementor-widget-container\">\n\t\t\t\t\t\t\t\t\t<p>This is my second collaboration with LCL, after an exhibition in 2019 celebrating the 100th anniversary of the yellow jersey, the iconic jersey of the leader of the Tour de France. For this new exhibition and others to come, I have created paintings that convey all their energy and symbolism to this jersey.<\/p>\n<p>It embodies excellence, constant effort, and determination, qualities that are also present in artistic creation. Just as Tour de France riders push their limits to achieve their goals, as an artist, I strive to capture movement in my artworks, suggesting the intensity and energy exerted by athletes during their feats.<\/p>\n\t\t\t\t\t\t\t\t<\/div>\n\t\t\t\t<\/div>\n\t\t\t\t<div class=\"elementor-element elementor-element-b4c20c7 premium-lq__none elementor-widget elementor-widget-premium-addon-button\" data-id=\"b4c20c7\" data-element_type=\"widget\" data-widget_type=\"premium-addon-button.default\">\n\t\t\t\t<div class=\"elementor-widget-container\">\n\t\t\t\t\t\n\n\t\t<a class=\"premium-button premium-button-none premium-btn-lg premium-button-none\" href=\"http:\/\/luciellong.com\/en\/100th-anniversary-yellow-jersey-tour-de-france-2019\/\">\n\t\t\t<div class=\"premium-button-text-icon-wrapper\">\n\t\t\t\t\n\t\t\t\t\t\t\t\t\t<span >\n\t\t\t\t\t\tThe 100th birthday of the yellow jersey\t\t\t\t\t<\/span>\n\t\t\t\t\t\t\t<\/div>\n\n\t\t\t\n\t\t\t\n\t\t\t\n\t\t<\/a>\n\n\n\t\t\t\t\t\t<\/div>\n\t\t\t\t<\/div>\n\t\t\t\t\t<\/div>\n\t\t<\/div>\n\t\t\t\t<div class=\"elementor-column elementor-col-50 elementor-inner-column elementor-element elementor-element-e3f85d7\" data-id=\"e3f85d7\" data-element_type=\"column\">\n\t\t\t<div class=\"elementor-widget-wrap elementor-element-populated\">\n\t\t\t\t\t\t<div class=\"elementor-element elementor-element-c1f6793 elementor-widget elementor-widget-image\" data-id=\"c1f6793\" data-element_type=\"widget\" data-widget_type=\"image.default\">\n\t\t\t\t<div class=\"elementor-widget-container\">\n\t\t\t\t\t\t\t\t\t\t\t\t<figure class=\"wp-caption\">\n\t\t\t\t\t\t\t\t\t\t<img decoding=\"async\" width=\"800\" height=\"557\" src=\"https:\/\/luciellong.com\/wp-content\/uploads\/2023\/06\/exposition-tour-de-france-LCL-christian-prudhomme-lucie-llong-cyclisme-maillot-jaune-17.jpg\" class=\"attachment-large size-large wp-image-49173\" alt=\"\" srcset=\"https:\/\/luciellong.com\/wp-content\/uploads\/2023\/06\/exposition-tour-de-france-LCL-christian-prudhomme-lucie-llong-cyclisme-maillot-jaune-17.jpg 800w, https:\/\/luciellong.com\/wp-content\/uploads\/2023\/06\/exposition-tour-de-france-LCL-christian-prudhomme-lucie-llong-cyclisme-maillot-jaune-17-300x209.jpg 300w, https:\/\/luciellong.com\/wp-content\/uploads\/2023\/06\/exposition-tour-de-france-LCL-christian-prudhomme-lucie-llong-cyclisme-maillot-jaune-17-768x535.jpg 768w\" sizes=\"(max-width: 800px) 100vw, 800px\" \/>\t\t\t\t\t\t\t\t\t\t\t<figcaption class=\"widget-image-caption wp-caption-text\">Lucie LLONG<\/figcaption>\n\t\t\t\t\t\t\t\t\t\t<\/figure>\n\t\t\t\t\t\t\t\t\t<\/div>\n\t\t\t\t<\/div>\n\t\t\t\t\t<\/div>\n\t\t<\/div>\n\t\t\t\t\t<\/div>\n\t\t<\/section>\n\t\t\t\t<div class=\"elementor-element elementor-element-c5ef568 elementor-widget elementor-widget-spacer\" data-id=\"c5ef568\" data-element_type=\"widget\" data-widget_type=\"spacer.default\">\n\t\t\t\t<div class=\"elementor-widget-container\">\n\t\t\t\t\t\t\t<div class=\"elementor-spacer\">\n\t\t\t<div class=\"elementor-spacer-inner\"><\/div>\n\t\t<\/div>\n\t\t\t\t\t\t<\/div>\n\t\t\t\t<\/div>\n\t\t\t\t<div class=\"elementor-element elementor-element-1e9d7e1 elementor-widget elementor-widget-heading\" data-id=\"1e9d7e1\" data-element_type=\"widget\" data-widget_type=\"heading.default\">\n\t\t\t\t<div class=\"elementor-widget-container\">\n\t\t\t\t\t<h2 class=\"elementor-heading-title elementor-size-default\">Photos of the inauguration with Christian Prudhomme<\/h2>\t\t\t\t<\/div>\n\t\t\t\t<\/div>\n\t\t\t\t<div class=\"elementor-element elementor-element-03064b0 elementor-widget elementor-widget-ucaddon_uc_tiles_columns_image\" data-id=\"03064b0\" data-element_type=\"widget\" data-widget_type=\"ucaddon_uc_tiles_columns_image.default\">\n\t\t\t\t<div class=\"elementor-widget-container\">\n\t\t\t\t\t\n<!-- start Masonry Gallery -->\n\t\t<link id='unitegallery-css' href='https:\/\/luciellong.com\/wp-content\/plugins\/unlimited-elements-for-elementor-premium\/assets_libraries\/unitegallery\/css\/unite-gallery.css' type='text\/css' rel='stylesheet' >\n\t\t<link id='uc_ac_assets_file_uc_columns_unite_gallery_css_37416-css' href='https:\/\/luciellong.com\/wp-content\/uploads\/ac_assets\/uc_tiles_columns_image\/uc-columns-unite-gallery.css' type='text\/css' rel='stylesheet' >\n\n\n<div id=\"uc_uc_tiles_columns_image_elementor_03064b0\" style=\"display:none;\" class=\"uc-items-wrapper\" data-custom-sethtml=\"true\" >\n\n\n<img decoding=\"async\" alt=\"exposition-tour-de-france-LCL-christian-prudhomme-lucie-llong-cyclisme-maillot-jaune-19\"\n   src=\"https:\/\/luciellong.com\/wp-content\/uploads\/2023\/06\/exposition-tour-de-france-LCL-christian-prudhomme-lucie-llong-cyclisme-maillot-jaune-19.jpg\"\n    data-image=\"https:\/\/luciellong.com\/wp-content\/uploads\/2023\/06\/exposition-tour-de-france-LCL-christian-prudhomme-lucie-llong-cyclisme-maillot-jaune-19.jpg\"\n    data-title=\"exposition-tour-de-france-LCL-christian-prudhomme-lucie-llong-cyclisme-maillot-jaune-19\">\n\n<img decoding=\"async\" alt=\"exposition-tour-de-france-LCL-christian-prudhomme-lucie-llong-cyclisme-maillot-jaune-02\"\n   src=\"https:\/\/luciellong.com\/wp-content\/uploads\/2023\/06\/exposition-tour-de-france-LCL-christian-prudhomme-lucie-llong-cyclisme-maillot-jaune-02-768x432.jpg\"\n    data-image=\"https:\/\/luciellong.com\/wp-content\/uploads\/2023\/06\/exposition-tour-de-france-LCL-christian-prudhomme-lucie-llong-cyclisme-maillot-jaune-02.jpg\"\n    data-title=\"exposition-tour-de-france-LCL-christian-prudhomme-lucie-llong-cyclisme-maillot-jaune-02\">\n\n<img decoding=\"async\" alt=\"\"\n   src=\"https:\/\/luciellong.com\/wp-content\/plugins\/unlimited-elements-for-elementor-premium\/images\/placeholder.png\"\n    data-image=\"https:\/\/luciellong.com\/wp-content\/plugins\/unlimited-elements-for-elementor-premium\/images\/placeholder.png\">\n\n<img decoding=\"async\" alt=\"exposition-tour-de-france-LCL-christian-prudhomme-lucie-llong-cyclisme-maillot-jaune-10\"\n   src=\"https:\/\/luciellong.com\/wp-content\/uploads\/2023\/06\/exposition-tour-de-france-LCL-christian-prudhomme-lucie-llong-cyclisme-maillot-jaune-10-768x432.jpg\"\n    data-image=\"https:\/\/luciellong.com\/wp-content\/uploads\/2023\/06\/exposition-tour-de-france-LCL-christian-prudhomme-lucie-llong-cyclisme-maillot-jaune-10.jpg\"\n    data-title=\"exposition-tour-de-france-LCL-christian-prudhomme-lucie-llong-cyclisme-maillot-jaune-10\">\n\n<img decoding=\"async\" alt=\"exposition-tour-de-france-LCL-christian-prudhomme-lucie-llong-cyclisme-maillot-jaune-18\"\n   src=\"https:\/\/luciellong.com\/wp-content\/uploads\/2023\/06\/exposition-tour-de-france-LCL-christian-prudhomme-lucie-llong-cyclisme-maillot-jaune-18-768x432.jpg\"\n    data-image=\"https:\/\/luciellong.com\/wp-content\/uploads\/2023\/06\/exposition-tour-de-france-LCL-christian-prudhomme-lucie-llong-cyclisme-maillot-jaune-18.jpg\"\n    data-title=\"exposition-tour-de-france-LCL-christian-prudhomme-lucie-llong-cyclisme-maillot-jaune-18\">\n\n<img decoding=\"async\" alt=\"exposition-tour-de-france-LCL-christian-prudhomme-lucie-llong-cyclisme-maillot-jaune-14\"\n   src=\"https:\/\/luciellong.com\/wp-content\/uploads\/2023\/06\/exposition-tour-de-france-LCL-christian-prudhomme-lucie-llong-cyclisme-maillot-jaune-14-768x432.jpg\"\n    data-image=\"https:\/\/luciellong.com\/wp-content\/uploads\/2023\/06\/exposition-tour-de-france-LCL-christian-prudhomme-lucie-llong-cyclisme-maillot-jaune-14.jpg\"\n    data-title=\"exposition-tour-de-france-LCL-christian-prudhomme-lucie-llong-cyclisme-maillot-jaune-14\">\n\n<img decoding=\"async\" alt=\"exposition-tour-de-france-LCL-christian-prudhomme-lucie-llong-cyclisme-maillot-jaune-09\"\n   src=\"https:\/\/luciellong.com\/wp-content\/uploads\/2023\/06\/exposition-tour-de-france-LCL-christian-prudhomme-lucie-llong-cyclisme-maillot-jaune-09-768x401.jpg\"\n    data-image=\"https:\/\/luciellong.com\/wp-content\/uploads\/2023\/06\/exposition-tour-de-france-LCL-christian-prudhomme-lucie-llong-cyclisme-maillot-jaune-09.jpg\"\n    data-title=\"exposition-tour-de-france-LCL-christian-prudhomme-lucie-llong-cyclisme-maillot-jaune-09\">\n\n<img decoding=\"async\" alt=\"exposition-tour-de-france-LCL-christian-prudhomme-lucie-llong-cyclisme-maillot-jaune-03\"\n   src=\"https:\/\/luciellong.com\/wp-content\/uploads\/2023\/06\/exposition-tour-de-france-LCL-christian-prudhomme-lucie-llong-cyclisme-maillot-jaune-03.jpg\"\n    data-image=\"https:\/\/luciellong.com\/wp-content\/uploads\/2023\/06\/exposition-tour-de-france-LCL-christian-prudhomme-lucie-llong-cyclisme-maillot-jaune-03.jpg\"\n    data-title=\"exposition-tour-de-france-LCL-christian-prudhomme-lucie-llong-cyclisme-maillot-jaune-03\">\n\n<img decoding=\"async\" alt=\"exposition-tour-de-france-LCL-christian-prudhomme-lucie-llong-cyclisme-maillot-jaune-05\"\n   src=\"https:\/\/luciellong.com\/wp-content\/uploads\/2023\/06\/exposition-tour-de-france-LCL-christian-prudhomme-lucie-llong-cyclisme-maillot-jaune-05-768x432.jpg\"\n    data-image=\"https:\/\/luciellong.com\/wp-content\/uploads\/2023\/06\/exposition-tour-de-france-LCL-christian-prudhomme-lucie-llong-cyclisme-maillot-jaune-05.jpg\"\n    data-title=\"exposition-tour-de-france-LCL-christian-prudhomme-lucie-llong-cyclisme-maillot-jaune-05\">\n\n<img decoding=\"async\" alt=\"exposition-tour-de-france-LCL-christian-prudhomme-lucie-llong-cyclisme-maillot-jaune-06\"\n   src=\"https:\/\/luciellong.com\/wp-content\/uploads\/2023\/06\/exposition-tour-de-france-LCL-christian-prudhomme-lucie-llong-cyclisme-maillot-jaune-06-768x432.jpg\"\n    data-image=\"https:\/\/luciellong.com\/wp-content\/uploads\/2023\/06\/exposition-tour-de-france-LCL-christian-prudhomme-lucie-llong-cyclisme-maillot-jaune-06.jpg\"\n    data-title=\"exposition-tour-de-france-LCL-christian-prudhomme-lucie-llong-cyclisme-maillot-jaune-06\">\n\n<img decoding=\"async\" alt=\"exposition-tour-de-france-LCL-christian-prudhomme-lucie-llong-cyclisme-maillot-jaune-07\"\n   src=\"https:\/\/luciellong.com\/wp-content\/uploads\/2023\/06\/exposition-tour-de-france-LCL-christian-prudhomme-lucie-llong-cyclisme-maillot-jaune-07.jpg\"\n    data-image=\"https:\/\/luciellong.com\/wp-content\/uploads\/2023\/06\/exposition-tour-de-france-LCL-christian-prudhomme-lucie-llong-cyclisme-maillot-jaune-07.jpg\"\n    data-title=\"exposition-tour-de-france-LCL-christian-prudhomme-lucie-llong-cyclisme-maillot-jaune-07\">\n\n<img decoding=\"async\" alt=\"exposition-tour-de-france-LCL-christian-prudhomme-lucie-llong-cyclisme-maillot-jaune-12\"\n   src=\"https:\/\/luciellong.com\/wp-content\/uploads\/2023\/06\/exposition-tour-de-france-LCL-christian-prudhomme-lucie-llong-cyclisme-maillot-jaune-12-768x485.jpg\"\n    data-image=\"https:\/\/luciellong.com\/wp-content\/uploads\/2023\/06\/exposition-tour-de-france-LCL-christian-prudhomme-lucie-llong-cyclisme-maillot-jaune-12.jpg\"\n    data-title=\"exposition-tour-de-france-LCL-christian-prudhomme-lucie-llong-cyclisme-maillot-jaune-12\">\n\n<img decoding=\"async\" alt=\"exposition-tour-de-france-LCL-christian-prudhomme-lucie-llong-cyclisme-maillot-jaune-01\"\n   src=\"https:\/\/luciellong.com\/wp-content\/uploads\/2023\/06\/exposition-tour-de-france-LCL-christian-prudhomme-lucie-llong-cyclisme-maillot-jaune-01-768x511.jpg\"\n    data-image=\"https:\/\/luciellong.com\/wp-content\/uploads\/2023\/06\/exposition-tour-de-france-LCL-christian-prudhomme-lucie-llong-cyclisme-maillot-jaune-01.jpg\"\n    data-title=\"exposition-tour-de-france-LCL-christian-prudhomme-lucie-llong-cyclisme-maillot-jaune-01\">\n\n<img decoding=\"async\" alt=\"exposition-tour-de-france-LCL-christian-prudhomme-lucie-llong-cyclisme-maillot-jaune-13\"\n   src=\"https:\/\/luciellong.com\/wp-content\/uploads\/2023\/06\/exposition-tour-de-france-LCL-christian-prudhomme-lucie-llong-cyclisme-maillot-jaune-13-768x432.jpg\"\n    data-image=\"https:\/\/luciellong.com\/wp-content\/uploads\/2023\/06\/exposition-tour-de-france-LCL-christian-prudhomme-lucie-llong-cyclisme-maillot-jaune-13.jpg\"\n    data-title=\"exposition-tour-de-france-LCL-christian-prudhomme-lucie-llong-cyclisme-maillot-jaune-13\">\n\n<img decoding=\"async\" alt=\"exposition-tour-de-france-LCL-christian-prudhomme-lucie-llong-cyclisme-maillot-jaune-04\"\n   src=\"https:\/\/luciellong.com\/wp-content\/uploads\/2023\/06\/exposition-tour-de-france-LCL-christian-prudhomme-lucie-llong-cyclisme-maillot-jaune-04-768x458.jpg\"\n    data-image=\"https:\/\/luciellong.com\/wp-content\/uploads\/2023\/06\/exposition-tour-de-france-LCL-christian-prudhomme-lucie-llong-cyclisme-maillot-jaune-04.jpg\"\n    data-title=\"exposition-tour-de-france-LCL-christian-prudhomme-lucie-llong-cyclisme-maillot-jaune-04\">\n\n<img decoding=\"async\" alt=\"exposition-tour-de-france-LCL-christian-prudhomme-lucie-llong-cyclisme-maillot-jaune-08\"\n   src=\"https:\/\/luciellong.com\/wp-content\/uploads\/2023\/06\/exposition-tour-de-france-LCL-christian-prudhomme-lucie-llong-cyclisme-maillot-jaune-08-768x432.jpg\"\n    data-image=\"https:\/\/luciellong.com\/wp-content\/uploads\/2023\/06\/exposition-tour-de-france-LCL-christian-prudhomme-lucie-llong-cyclisme-maillot-jaune-08.jpg\"\n    data-title=\"exposition-tour-de-france-LCL-christian-prudhomme-lucie-llong-cyclisme-maillot-jaune-08\">\n\n<img decoding=\"async\" alt=\"exposition-tour-de-france-LCL-christian-prudhomme-lucie-llong-cyclisme-maillot-jaune-16\"\n   src=\"https:\/\/luciellong.com\/wp-content\/uploads\/2023\/06\/exposition-tour-de-france-LCL-christian-prudhomme-lucie-llong-cyclisme-maillot-jaune-16-768x447.jpg\"\n    data-image=\"https:\/\/luciellong.com\/wp-content\/uploads\/2023\/06\/exposition-tour-de-france-LCL-christian-prudhomme-lucie-llong-cyclisme-maillot-jaune-16.jpg\"\n    data-title=\"exposition-tour-de-france-LCL-christian-prudhomme-lucie-llong-cyclisme-maillot-jaune-16\">\n\n<img decoding=\"async\" alt=\"exposition-tour-de-france-LCL-christian-prudhomme-lucie-llong-cyclisme-maillot-jaune-15\"\n   src=\"https:\/\/luciellong.com\/wp-content\/uploads\/2023\/06\/exposition-tour-de-france-LCL-christian-prudhomme-lucie-llong-cyclisme-maillot-jaune-15-768x382.jpg\"\n    data-image=\"https:\/\/luciellong.com\/wp-content\/uploads\/2023\/06\/exposition-tour-de-france-LCL-christian-prudhomme-lucie-llong-cyclisme-maillot-jaune-15.jpg\"\n    data-title=\"exposition-tour-de-france-LCL-christian-prudhomme-lucie-llong-cyclisme-maillot-jaune-15\">\n\n  \n<\/div>\n<!-- end Masonry Gallery -->\t\t\t\t<\/div>\n\t\t\t\t<\/div>\n\t\t\t\t\t<\/div>\n\t\t<\/div>\n\t\t\t\t\t<\/div>\n\t\t<\/section>\n\t\t\t\t<section class=\"elementor-section elementor-top-section elementor-element elementor-element-1a5ba04 elementor-section-boxed elementor-section-height-default elementor-section-height-default\" data-id=\"1a5ba04\" data-element_type=\"section\">\n\t\t\t\t\t\t<div class=\"elementor-container elementor-column-gap-default\">\n\t\t\t\t\t<div class=\"elementor-column elementor-col-100 elementor-top-column elementor-element elementor-element-309e920\" data-id=\"309e920\" data-element_type=\"column\">\n\t\t\t<div class=\"elementor-widget-wrap elementor-element-populated\">\n\t\t\t\t\t\t<div class=\"elementor-element elementor-element-96ba6ff elementor-headline--style-highlight elementor-widget elementor-widget-animated-headline\" data-id=\"96ba6ff\" data-element_type=\"widget\" data-settings=\"{&quot;marker&quot;:&quot;underline_zigzag&quot;,&quot;highlighted_text&quot;:&quot;The Tour de France 2023&quot;,&quot;headline_style&quot;:&quot;highlight&quot;,&quot;loop&quot;:&quot;yes&quot;,&quot;highlight_animation_duration&quot;:1200,&quot;highlight_iteration_delay&quot;:8000}\" data-widget_type=\"animated-headline.default\">\n\t\t\t\t<div class=\"elementor-widget-container\">\n\t\t\t\t\t\t\t<h3 class=\"elementor-headline\">\n\t\t\t\t<span class=\"elementor-headline-dynamic-wrapper elementor-headline-text-wrapper\">\n\t\t\t\t\t<span class=\"elementor-headline-dynamic-text elementor-headline-text-active\">The Tour de France 2023<\/span>\n\t\t\t\t<\/span>\n\t\t\t\t<\/h3>\n\t\t\t\t\t\t<\/div>\n\t\t\t\t<\/div>\n\t\t\t\t<section class=\"elementor-section elementor-inner-section elementor-element elementor-element-a2e7fb5 elementor-section-content-middle elementor-reverse-mobile elementor-section-boxed elementor-section-height-default elementor-section-height-default\" data-id=\"a2e7fb5\" data-element_type=\"section\">\n\t\t\t\t\t\t<div class=\"elementor-container elementor-column-gap-default\">\n\t\t\t\t\t<div class=\"elementor-column elementor-col-50 elementor-inner-column elementor-element elementor-element-b827e20\" data-id=\"b827e20\" data-element_type=\"column\">\n\t\t\t<div class=\"elementor-widget-wrap elementor-element-populated\">\n\t\t\t\t\t\t<div class=\"elementor-element elementor-element-94c817a elementor-widget elementor-widget-text-editor\" data-id=\"94c817a\" data-element_type=\"widget\" data-widget_type=\"text-editor.default\">\n\t\t\t\t<div class=\"elementor-widget-container\">\n\t\t\t\t\t\t\t\t\t<p>The Tour de France, an exceptional sporting event that ignites cycling enthusiasts gathered on the roadside to witness the peloton whiz by at high speed. Those few moments of connection with the riders are an unforgettable memory, etched forever in the minds of the spectators. This unique sport allows for the fusion of sports, culture, geography, and art. Each stage offers a magnificent spectacle through diversified landscapes. The physical prowess of the riders, the challenging climbs, and the thrilling sprints captivate spectators who share their passion with the athletes. The Tour de France, followed in 180 countries, is a global phenomenon that, like the Olympics and major sports world cups, brings together millions of people from around the world. It serves as a meeting point between the passion for sports, culture, and the beauty of the world. The Tour de France 2023 will kick off from Bilbao, a city with a rich industrial and maritime history that I had the pleasure of discovering last year. It has become a crossroad of arts and culture with its renowned Guggenheim Museum and its futuristic architecture. The colossal statue &#8220;Mother&#8221; by Louise Bourgeois stands as a symbol, while the city seamlessly blends modernity and history. The journey will bring the peloton 23 days later on the world-known Champs-\u00c9lys\u00e9es in Paris.<\/p>\n\t\t\t\t\t\t\t\t<\/div>\n\t\t\t\t<\/div>\n\t\t\t\t\t<\/div>\n\t\t<\/div>\n\t\t\t\t<div class=\"elementor-column elementor-col-50 elementor-inner-column elementor-element elementor-element-1f82d45\" data-id=\"1f82d45\" data-element_type=\"column\">\n\t\t\t<div class=\"elementor-widget-wrap elementor-element-populated\">\n\t\t\t\t\t\t<div class=\"elementor-element elementor-element-2797671 elementor-widget elementor-widget-image\" data-id=\"2797671\" data-element_type=\"widget\" data-widget_type=\"image.default\">\n\t\t\t\t<div class=\"elementor-widget-container\">\n\t\t\t\t\t\t\t\t\t\t\t\t\t\t\t<img decoding=\"async\" width=\"700\" height=\"575\" src=\"https:\/\/luciellong.com\/wp-content\/uploads\/2023\/05\/art-tableau-cyclisme-sport-peinture-tour-de-france-maillot-jaune-peloton-lucie-llong.jpg\" class=\"attachment-large size-large wp-image-48779\" alt=\"Cycling painting | Tour de France | the yellow jersey in the peloton | Sport painting by Lucie LLONG, movement painter\" srcset=\"https:\/\/luciellong.com\/wp-content\/uploads\/2023\/05\/art-tableau-cyclisme-sport-peinture-tour-de-france-maillot-jaune-peloton-lucie-llong.jpg 700w, https:\/\/luciellong.com\/wp-content\/uploads\/2023\/05\/art-tableau-cyclisme-sport-peinture-tour-de-france-maillot-jaune-peloton-lucie-llong-300x246.jpg 300w\" sizes=\"(max-width: 700px) 100vw, 700px\" \/>\t\t\t\t\t\t\t\t\t\t\t\t\t\t\t<\/div>\n\t\t\t\t<\/div>\n\t\t\t\t\t<\/div>\n\t\t<\/div>\n\t\t\t\t\t<\/div>\n\t\t<\/section>\n\t\t\t\t<div class=\"elementor-element elementor-element-2beb051 elementor-widget elementor-widget-spacer\" data-id=\"2beb051\" data-element_type=\"widget\" data-widget_type=\"spacer.default\">\n\t\t\t\t<div class=\"elementor-widget-container\">\n\t\t\t\t\t\t\t<div class=\"elementor-spacer\">\n\t\t\t<div class=\"elementor-spacer-inner\"><\/div>\n\t\t<\/div>\n\t\t\t\t\t\t<\/div>\n\t\t\t\t<\/div>\n\t\t\t\t<div class=\"elementor-element elementor-element-44cb07f elementor-widget elementor-widget-heading\" data-id=\"44cb07f\" data-element_type=\"widget\" data-widget_type=\"heading.default\">\n\t\t\t\t<div class=\"elementor-widget-container\">\n\t\t\t\t\t<h3 class=\"elementor-heading-title elementor-size-default\">Step 1: Bilbao, city of art and history<\/h3>\t\t\t\t<\/div>\n\t\t\t\t<\/div>\n\t\t\t\t\t<\/div>\n\t\t<\/div>\n\t\t\t\t\t<\/div>\n\t\t<\/section>\n\t\t<div class=\"elementor-element elementor-element-ab30a9d e-flex e-con-boxed e-con e-parent\" data-id=\"ab30a9d\" data-element_type=\"container\">\n\t\t\t\t\t<div class=\"e-con-inner\">\n\t\t<div class=\"elementor-element elementor-element-77b594d e-con-full e-flex e-con e-child\" data-id=\"77b594d\" data-element_type=\"container\">\n\t\t\t\t<div class=\"elementor-element elementor-element-44df0f4 elementor-widget elementor-widget-image\" data-id=\"44df0f4\" data-element_type=\"widget\" data-widget_type=\"image.default\">\n\t\t\t\t<div class=\"elementor-widget-container\">\n\t\t\t\t\t\t\t\t\t\t\t\t\t\t\t<img loading=\"lazy\" decoding=\"async\" width=\"800\" height=\"450\" src=\"https:\/\/luciellong.com\/wp-content\/uploads\/2023\/06\/musee-guggenheim-bilbao-koon.jpg\" class=\"attachment-large size-large wp-image-49136\" alt=\"\" srcset=\"https:\/\/luciellong.com\/wp-content\/uploads\/2023\/06\/musee-guggenheim-bilbao-koon.jpg 800w, https:\/\/luciellong.com\/wp-content\/uploads\/2023\/06\/musee-guggenheim-bilbao-koon-300x169.jpg 300w, https:\/\/luciellong.com\/wp-content\/uploads\/2023\/06\/musee-guggenheim-bilbao-koon-768x432.jpg 768w\" sizes=\"(max-width: 800px) 100vw, 800px\" \/>\t\t\t\t\t\t\t\t\t\t\t\t\t\t\t<\/div>\n\t\t\t\t<\/div>\n\t\t\t\t<\/div>\n\t\t<div class=\"elementor-element elementor-element-7a01834 e-con-full e-flex e-con e-child\" data-id=\"7a01834\" data-element_type=\"container\">\n\t\t\t\t<div class=\"elementor-element elementor-element-bb1fbc3 elementor-widget elementor-widget-image\" data-id=\"bb1fbc3\" data-element_type=\"widget\" data-widget_type=\"image.default\">\n\t\t\t\t<div class=\"elementor-widget-container\">\n\t\t\t\t\t\t\t\t\t\t\t\t\t\t\t<img decoding=\"async\" src=\"https:\/\/luciellong.com\/wp-content\/uploads\/elementor\/thumbs\/musee-guggenheim-bilbao-mother-louise-bourgeois-e1692525454432-rgyfqrlf3moy9wz4ar7ds6k1hr07qf576wh1yf6rck.jpg\" title=\"musee-guggenheim-bilbao-mother-louise-bourgeois\" alt=\"musee-guggenheim-bilbao-mother-louise-bourgeois\" loading=\"lazy\" \/>\t\t\t\t\t\t\t\t\t\t\t\t\t\t\t<\/div>\n\t\t\t\t<\/div>\n\t\t\t\t<\/div>\n\t\t<div class=\"elementor-element elementor-element-b1dc3b7 e-con-full e-flex e-con e-child\" data-id=\"b1dc3b7\" data-element_type=\"container\">\n\t\t\t\t<div class=\"elementor-element elementor-element-df42934 elementor-widget elementor-widget-image\" data-id=\"df42934\" data-element_type=\"widget\" data-widget_type=\"image.default\">\n\t\t\t\t<div class=\"elementor-widget-container\">\n\t\t\t\t\t\t\t\t\t\t\t\t\t\t\t<img loading=\"lazy\" decoding=\"async\" width=\"800\" height=\"450\" src=\"https:\/\/luciellong.com\/wp-content\/uploads\/2023\/06\/musee-guggenheim-bilbao-koon-2.jpg\" class=\"attachment-large size-large wp-image-49132\" alt=\"\" srcset=\"https:\/\/luciellong.com\/wp-content\/uploads\/2023\/06\/musee-guggenheim-bilbao-koon-2.jpg 800w, https:\/\/luciellong.com\/wp-content\/uploads\/2023\/06\/musee-guggenheim-bilbao-koon-2-300x169.jpg 300w, https:\/\/luciellong.com\/wp-content\/uploads\/2023\/06\/musee-guggenheim-bilbao-koon-2-768x432.jpg 768w\" sizes=\"(max-width: 800px) 100vw, 800px\" \/>\t\t\t\t\t\t\t\t\t\t\t\t\t\t\t<\/div>\n\t\t\t\t<\/div>\n\t\t\t\t<\/div>\n\t\t<div class=\"elementor-element elementor-element-70699d7 e-con-full e-flex e-con e-child\" data-id=\"70699d7\" data-element_type=\"container\">\n\t\t\t\t<div class=\"elementor-element elementor-element-6d58921 elementor-widget elementor-widget-image\" data-id=\"6d58921\" data-element_type=\"widget\" data-widget_type=\"image.default\">\n\t\t\t\t<div class=\"elementor-widget-container\">\n\t\t\t\t\t\t\t\t\t\t\t\t\t\t\t<img loading=\"lazy\" decoding=\"async\" width=\"800\" height=\"450\" src=\"https:\/\/luciellong.com\/wp-content\/uploads\/2023\/06\/musee-guggenheim-bilbao-architecture.jpg\" class=\"attachment-large size-large wp-image-49130\" alt=\"\" srcset=\"https:\/\/luciellong.com\/wp-content\/uploads\/2023\/06\/musee-guggenheim-bilbao-architecture.jpg 800w, https:\/\/luciellong.com\/wp-content\/uploads\/2023\/06\/musee-guggenheim-bilbao-architecture-300x169.jpg 300w, https:\/\/luciellong.com\/wp-content\/uploads\/2023\/06\/musee-guggenheim-bilbao-architecture-768x432.jpg 768w\" sizes=\"(max-width: 800px) 100vw, 800px\" \/>\t\t\t\t\t\t\t\t\t\t\t\t\t\t\t<\/div>\n\t\t\t\t<\/div>\n\t\t\t\t<\/div>\n\t\t\t\t\t<\/div>\n\t\t\t\t<\/div>\n\t\t\t\t<section class=\"elementor-section elementor-top-section elementor-element elementor-element-24ced45 elementor-section-boxed elementor-section-height-default elementor-section-height-default\" data-id=\"24ced45\" data-element_type=\"section\">\n\t\t\t\t\t\t<div class=\"elementor-container elementor-column-gap-default\">\n\t\t\t\t\t<div class=\"elementor-column elementor-col-100 elementor-top-column elementor-element elementor-element-f439866\" data-id=\"f439866\" data-element_type=\"column\">\n\t\t\t<div class=\"elementor-widget-wrap elementor-element-populated\">\n\t\t\t\t\t\t<section class=\"elementor-section elementor-inner-section elementor-element elementor-element-b976fb1 elementor-section-content-middle elementor-section-boxed elementor-section-height-default elementor-section-height-default\" data-id=\"b976fb1\" data-element_type=\"section\">\n\t\t\t\t\t\t<div class=\"elementor-container elementor-column-gap-default\">\n\t\t\t\t\t<div class=\"elementor-column elementor-col-50 elementor-inner-column elementor-element elementor-element-9aa4ba4\" data-id=\"9aa4ba4\" data-element_type=\"column\">\n\t\t\t<div class=\"elementor-widget-wrap elementor-element-populated\">\n\t\t\t\t\t\t<div class=\"elementor-element elementor-element-fd0273b elementor-widget elementor-widget-video\" data-id=\"fd0273b\" data-element_type=\"widget\" data-settings=\"{&quot;youtube_url&quot;:&quot;https:\\\/\\\/www.youtube.com\\\/watch?v=PYJTSi2Z_Ok&quot;,&quot;video_type&quot;:&quot;youtube&quot;,&quot;controls&quot;:&quot;yes&quot;}\" data-widget_type=\"video.default\">\n\t\t\t\t<div class=\"elementor-widget-container\">\n\t\t\t\t\t\t\t<div class=\"elementor-wrapper elementor-open-inline\">\n\t\t\t<div class=\"elementor-video\"><\/div>\t\t<\/div>\n\t\t\t\t\t\t<\/div>\n\t\t\t\t<\/div>\n\t\t\t\t\t<\/div>\n\t\t<\/div>\n\t\t\t\t<div class=\"elementor-column elementor-col-50 elementor-inner-column elementor-element elementor-element-b79f27a\" data-id=\"b79f27a\" data-element_type=\"column\">\n\t\t\t<div class=\"elementor-widget-wrap elementor-element-populated\">\n\t\t\t\t\t\t<div class=\"elementor-element elementor-element-114534b elementor-widget elementor-widget-ucaddon_icon_pricing_table\" data-id=\"114534b\" data-element_type=\"widget\" data-widget_type=\"ucaddon_icon_pricing_table.default\">\n\t\t\t\t<div class=\"elementor-widget-container\">\n\t\t\t\t\t\n<!-- start Pricing Table -->\n\t\t<link id='font-awesome-css' href='https:\/\/luciellong.com\/wp-content\/plugins\/unlimited-elements-for-elementor-premium\/assets_libraries\/font-awesome6\/fontawesome-all.min.css' type='text\/css' rel='stylesheet' >\n\t\t<link id='font-awesome-4-shim-css' href='https:\/\/luciellong.com\/wp-content\/plugins\/unlimited-elements-for-elementor-premium\/assets_libraries\/font-awesome6\/fontawesome-v4-shims.min.css' type='text\/css' rel='stylesheet' >\n\n<style>\/* widget: Pricing Table *\/\n\n#uc_icon_pricing_table_elementor_114534b *{\n\tbox-sizing: border-box;\n}\n\n#uc_icon_pricing_table_elementor_114534b\n{\n  overflow:hidden;\n  position:relative;\n}\n#uc_icon_pricing_table_elementor_114534b .ue_badge\n{\n  position: absolute;\n    top: 16px;\n    \t\n    left: -70px;transform: rotate(-45deg);    padding: 5px 0px;\n    width: 200px;\n    text-align: center;\n    box-sizing: border-box;\n    z-index:2;\n}\n\n.ue_badge\n{\n  font-size:10px;\n  line-height:1em;\n}\n#uc_icon_pricing_table_elementor_114534b .uc_ispt_container{\n}\n.uc_ispt_header_title{\n\tfont-size:18px;\n}\n#uc_icon_pricing_table_elementor_114534b .uc_ispt_container .uc_ispt_container_main{\n\tposition:relative;\n\tz-index:1;\n}\n\n\n#uc_icon_pricing_table_elementor_114534b .uc_ispt_container_icon{\n\tdisplay:flex;\n    align-items:center;\n    justify-content:center;\n\ttext-align:center;\n    line-height:1em;\n    overflow:hidden;\n}\n\n#uc_icon_pricing_table_elementor_114534b .uc_ispt_container_icon svg\n{\n  height:1em;\n  width:1em;\n}\n\n#uc_icon_pricing_table_elementor_114534b .uc_ispt_container_icon img\n{\n  \n}\n\n.uc_ispt_container_price{\n\tfont-size:35px;\n}\n\n.uc_ispt_container_price .uc_ispt_sub{\n\tfont-size:15px;\n\tdisplay:inline-block;\n}\n\n\t\n#uc_icon_pricing_table_elementor_114534b .uc_ispt_container .uc_ispt_container_main .uc_ispt_btn{\n\ttext-decoration:none;\n    text-align:center;\n\ttransition:all 0.3s ease;\n}\n\n.ue_old_price\n{\n  text-decoration: line-through;\n}\n\n#uc_icon_pricing_table_elementor_114534b .uc_ispt_header_content\n{\n  display:flex;\n}\n\n#uc_icon_pricing_table_elementor_114534b .ue_pricing_above_header\n{\n  display:flex;\n}\n\n\n#uc_icon_pricing_table_elementor_114534b .uc_ispt_container_list_row\n{\n  display:flex;\n  align-items:center;\n}\n\n#uc_icon_pricing_table_elementor_114534b .uc_ispt_container_list_row_spacing\n{\n  flex-grow:0;\n  flex-shrink:0;\n}\n\n#uc_icon_pricing_table_elementor_114534b .uc_ispt_container_list_row_icon\n{\n  flex-grow:0;\n  flex-shrink:0;\n}\n\n#uc_icon_pricing_table_elementor_114534b .uc_ispt_container_list_row_icon svg\n{\n  height:1em;\n  width:1em;\n}\n\n\n#uc_icon_pricing_table_elementor_114534b .ue_pricing_table_content\n{\n  display:flex;\n  flex-direction:column;\n}\n\n<\/style>\n\n<div class=\"uc_icon_solid_pricing_table\" id=\"uc_icon_pricing_table_elementor_114534b\">\n  \n\t\n\n  \n  \n        <div class=\"uc_ispt_container\">\n          \n           <div class=\"ue_pricing_above_header\">\n                                 \n                                        <div class=\"uc_ispt_header_title\"> Tour de France <\/div>\n                                        \n                               <\/div>\n           \n            <div class=\"uc_ispt_header\">\n                \n                <div class=\"uc_ispt_header_content\">\n                    \n                                            <span class=\"ue-ge-icon\"><i class='fas fa-biking'><\/i><\/span>                                            \t\n                    \n                    \t\n                  \n                                        <div class=\"uc_ispt_header_subtitle\"> \u00e9dition 2023 <\/div>\n                                      \n                  \n                                    <\/div>\n                \n            <\/div>         \n           \n           <div class=\"uc_ispt_container_main\">\n           \t\t\n             \t\t\n                    <div class=\"ue_pricing_table_content\">\n                                        \n                    \t\n                      \n                                        \n                                                            <div class=\"uc_ispt_container_price\"><div class=\"uc_ispt_sub ue_pricing_table_currency\"><\/div>  <div class=\"uc_ispt_sub ue_pricing_table_duration\"><\/div><\/div>\n                                        <\/div>\n             \n                <div class=\"uc_ispt_container_list\">\n\t\t\t\t\t<div class=\"uc_ispt_container_list_row\">\n    <div class=\"uc_ispt_container_list_row_icon\"><i class='fas fa-road'><\/i><\/div>\n  <div class=\"uc_ispt_container_list_row_spacing\"><\/div>\n    <div class=\"uc_ispt_container_list_row_txt\">3404 KM \u00e0 parcourir<\/div>\n<\/div>\n<div class=\"uc_ispt_container_list_row\">\n    <div class=\"uc_ispt_container_list_row_icon\"><i class='fas fa-mountain'><\/i><\/div>\n  <div class=\"uc_ispt_container_list_row_spacing\"><\/div>\n    <div class=\"uc_ispt_container_list_row_txt\">Env. 56 000 m de d\u00e9nivel\u00e9<\/div>\n<\/div>\n<div class=\"uc_ispt_container_list_row\">\n    <div class=\"uc_ispt_container_list_row_icon\"><i class='fas fa-biking'><\/i><\/div>\n  <div class=\"uc_ispt_container_list_row_spacing\"><\/div>\n    <div class=\"uc_ispt_container_list_row_txt\">21 \u00e9tapes<\/div>\n<\/div>\n\n                <\/div>\n                \n                \n           <\/div>\n          \n            <div class=\"ue_pricing_table_footer\">\n                                            <\/div>\n            \n        <\/div>\n    <\/div>\n<!-- end Pricing Table -->\t\t\t\t<\/div>\n\t\t\t\t<\/div>\n\t\t\t\t\t<\/div>\n\t\t<\/div>\n\t\t\t\t\t<\/div>\n\t\t<\/section>\n\t\t\t\t\t<\/div>\n\t\t<\/div>\n\t\t\t\t\t<\/div>\n\t\t<\/section>\n\t\t\t\t<section class=\"elementor-section elementor-top-section elementor-element elementor-element-7b8a209 elementor-section-boxed elementor-section-height-default elementor-section-height-default\" data-id=\"7b8a209\" data-element_type=\"section\">\n\t\t\t\t\t\t<div class=\"elementor-container elementor-column-gap-default\">\n\t\t\t\t\t<div class=\"elementor-column elementor-col-100 elementor-top-column elementor-element elementor-element-07b83aa\" data-id=\"07b83aa\" data-element_type=\"column\">\n\t\t\t<div class=\"elementor-widget-wrap elementor-element-populated\">\n\t\t\t\t\t\t<div class=\"elementor-element elementor-element-2b95e99 elementor-widget elementor-widget-heading\" data-id=\"2b95e99\" data-element_type=\"widget\" data-widget_type=\"heading.default\">\n\t\t\t\t<div class=\"elementor-widget-container\">\n\t\t\t\t\t<h2 class=\"elementor-heading-title elementor-size-default\">The Auvergne stages : 3 days on the Tour de France<\/h2>\t\t\t\t<\/div>\n\t\t\t\t<\/div>\n\t\t\t\t<section class=\"elementor-section elementor-inner-section elementor-element elementor-element-e100d60 elementor-section-content-middle elementor-section-boxed elementor-section-height-default elementor-section-height-default\" data-id=\"e100d60\" data-element_type=\"section\" data-settings=\"{&quot;background_background&quot;:&quot;classic&quot;}\">\n\t\t\t\t\t\t\t<div class=\"elementor-background-overlay\"><\/div>\n\t\t\t\t\t\t\t<div class=\"elementor-container elementor-column-gap-default\">\n\t\t\t\t\t<div class=\"elementor-column elementor-col-50 elementor-inner-column elementor-element elementor-element-0826637\" data-id=\"0826637\" data-element_type=\"column\">\n\t\t\t<div class=\"elementor-widget-wrap elementor-element-populated\">\n\t\t\t\t\t\t<div class=\"elementor-element elementor-element-140d4e0 elementor-widget elementor-widget-heading\" data-id=\"140d4e0\" data-element_type=\"widget\" data-widget_type=\"heading.default\">\n\t\t\t\t<div class=\"elementor-widget-container\">\n\t\t\t\t\t<h3 class=\"elementor-heading-title elementor-size-default\">July 9, 2023 | Saint-L\u00e9onard-de-Noblat - Puy de D\u00f4me | Step 9<\/h3>\t\t\t\t<\/div>\n\t\t\t\t<\/div>\n\t\t\t\t<div class=\"elementor-element elementor-element-6834aea elementor-widget elementor-widget-text-editor\" data-id=\"6834aea\" data-element_type=\"widget\" data-widget_type=\"text-editor.default\">\n\t\t\t\t<div class=\"elementor-widget-container\">\n\t\t\t\t\t\t\t\t\t<p>The Tour de France, mythical summit | The Puy de D\u00f4me. It is a legendary stage where epic duels have taken place, notably the one in 1964 that left a lasting mark on cycling and sports history. Anquetil and Poulidor, two immense champions, embark on the ascent of the dormant giant. Fueled by the cheering crowd, they engage in a merciless battle, elbow to elbow, handlebar to handlebar, all the way to the summit. While this legendary duel remains etched in history, neither of these two riders emerged victorious on July 12, both defeated by Julio Jimenez. The 1964 Tour de France was decided in that very ascent, where Poulidor clawed back 43 seconds from his rival, but it was not enough to snatch the yellow jersey from Anquetil. Anquetil held onto it with a 14-second lead with only two stages remaining and went on to win that edition, marking his fifth and final victory in the Tour.  <\/p>\n<p>This year will mark the return of the yellow jersey to the summit of Puy de D\u00f4me. Only Joop Zoetemelk, winner of the Tour in 1980 and world champion in 1985, will have the distinction of winning twice at the top of this iconic mountain.  I had the pleasure of meeting him, painting him, and interviewing him a few years ago.<\/p>\n\t\t\t\t\t\t\t\t<\/div>\n\t\t\t\t<\/div>\n\t\t\t\t<div class=\"elementor-element elementor-element-c775a14 elementor-hidden-mobile premium-lq__none elementor-widget elementor-widget-premium-addon-button\" data-id=\"c775a14\" data-element_type=\"widget\" data-widget_type=\"premium-addon-button.default\">\n\t\t\t\t<div class=\"elementor-widget-container\">\n\t\t\t\t\t\n\n\t\t<a class=\"premium-button premium-button-none premium-btn-block premium-button-none\" href=\"http:\/\/luciellong.com\/peinture-sport-cyclisme-laurent-brochard-joop-zoetemelk-tour-de-france\/\">\n\t\t\t<div class=\"premium-button-text-icon-wrapper\">\n\t\t\t\t\n\t\t\t\t\t\t\t\t\t<span >\n\t\t\t\t\t\tMy meeting with Joop Zoetemelk\t\t\t\t\t<\/span>\n\t\t\t\t\t\t\t<\/div>\n\n\t\t\t\n\t\t\t\n\t\t\t\n\t\t<\/a>\n\n\n\t\t\t\t\t\t<\/div>\n\t\t\t\t<\/div>\n\t\t\t\t<div class=\"elementor-element elementor-element-fb4bbee elementor-hidden-desktop elementor-hidden-tablet premium-lq__none elementor-widget elementor-widget-premium-addon-button\" data-id=\"fb4bbee\" data-element_type=\"widget\" data-widget_type=\"premium-addon-button.default\">\n\t\t\t\t<div class=\"elementor-widget-container\">\n\t\t\t\t\t\n\n\t\t<a class=\"premium-button premium-button-none premium-btn-block premium-button-none\" href=\"http:\/\/luciellong.com\/peinture-sport-cyclisme-laurent-brochard-joop-zoetemelk-tour-de-france\/\">\n\t\t\t<div class=\"premium-button-text-icon-wrapper\">\n\t\t\t\t\n\t\t\t\t\t\t\t\t\t<span >\n\t\t\t\t\t\tMy meeting with Joop Zoetemelk\t\t\t\t\t<\/span>\n\t\t\t\t\t\t\t<\/div>\n\n\t\t\t\n\t\t\t\n\t\t\t\n\t\t<\/a>\n\n\n\t\t\t\t\t\t<\/div>\n\t\t\t\t<\/div>\n\t\t\t\t<div class=\"elementor-element elementor-element-7c5e283 elementor-hidden-tablet elementor-hidden-mobile premium-lq__none elementor-widget elementor-widget-premium-addon-button\" data-id=\"7c5e283\" data-element_type=\"widget\" data-widget_type=\"premium-addon-button.default\">\n\t\t\t\t<div class=\"elementor-widget-container\">\n\t\t\t\t\t\n\n\t\t<a class=\"premium-button premium-button-none premium-btn-block premium-button-none\" href=\"http:\/\/luciellong.com\/en\/100th-anniversary-yellow-jersey-tour-de-france-2019\/\">\n\t\t\t<div class=\"premium-button-text-icon-wrapper\">\n\t\t\t\t\n\t\t\t\t\t\t\t\t\t<span >\n\t\t\t\t\t\tInterview with Joop Zoetemelk\t\t\t\t\t<\/span>\n\t\t\t\t\t\t\t<\/div>\n\n\t\t\t\n\t\t\t\n\t\t\t\n\t\t<\/a>\n\n\n\t\t\t\t\t\t<\/div>\n\t\t\t\t<\/div>\n\t\t\t\t<div class=\"elementor-element elementor-element-5044af6 elementor-hidden-desktop elementor-hidden-tablet premium-lq__none elementor-widget elementor-widget-premium-addon-button\" data-id=\"5044af6\" data-element_type=\"widget\" data-widget_type=\"premium-addon-button.default\">\n\t\t\t\t<div class=\"elementor-widget-container\">\n\t\t\t\t\t\n\n\t\t<a class=\"premium-button premium-button-none premium-btn-block premium-button-none\" href=\"http:\/\/luciellong.com\/en\/100th-anniversary-yellow-jersey-tour-de-france-2019\/\">\n\t\t\t<div class=\"premium-button-text-icon-wrapper\">\n\t\t\t\t\n\t\t\t\t\t\t\t\t\t<span >\n\t\t\t\t\t\tInterview with Joop Zoetemelk\t\t\t\t\t<\/span>\n\t\t\t\t\t\t\t<\/div>\n\n\t\t\t\n\t\t\t\n\t\t\t\n\t\t<\/a>\n\n\n\t\t\t\t\t\t<\/div>\n\t\t\t\t<\/div>\n\t\t\t\t\t<\/div>\n\t\t<\/div>\n\t\t\t\t<div class=\"elementor-column elementor-col-50 elementor-inner-column elementor-element elementor-element-3714a59\" data-id=\"3714a59\" data-element_type=\"column\">\n\t\t\t<div class=\"elementor-widget-wrap elementor-element-populated\">\n\t\t\t\t\t\t<div class=\"elementor-element elementor-element-1bf4058 elementor-widget elementor-widget-image\" data-id=\"1bf4058\" data-element_type=\"widget\" data-widget_type=\"image.default\">\n\t\t\t\t<div class=\"elementor-widget-container\">\n\t\t\t\t\t\t\t\t\t\t\t\t\t\t\t<img loading=\"lazy\" decoding=\"async\" width=\"673\" height=\"800\" src=\"https:\/\/luciellong.com\/wp-content\/uploads\/2023\/02\/tableau-puy-de-dome-cyclisme-ascension-volcanique-tour-de-france-Maillot-jaune-1.jpg\" class=\"attachment-large size-large wp-image-47010\" alt=\"Tableau de sport - peinture de cyclisme - Tour de France - Le retour du maillot jaune au sommet du Puy-de-d\u00f4me - Lucie LLONG, artiste peintre du sport et du mouvement\" srcset=\"https:\/\/luciellong.com\/wp-content\/uploads\/2023\/02\/tableau-puy-de-dome-cyclisme-ascension-volcanique-tour-de-france-Maillot-jaune-1.jpg 673w, https:\/\/luciellong.com\/wp-content\/uploads\/2023\/02\/tableau-puy-de-dome-cyclisme-ascension-volcanique-tour-de-france-Maillot-jaune-1-252x300.jpg 252w\" sizes=\"(max-width: 673px) 100vw, 673px\" \/>\t\t\t\t\t\t\t\t\t\t\t\t\t\t\t<\/div>\n\t\t\t\t<\/div>\n\t\t\t\t<div class=\"elementor-element elementor-element-8d36031 elementor-widget elementor-widget-video\" data-id=\"8d36031\" data-element_type=\"widget\" data-settings=\"{&quot;video_type&quot;:&quot;dailymotion&quot;,&quot;controls&quot;:&quot;yes&quot;}\" data-widget_type=\"video.default\">\n\t\t\t\t<div class=\"elementor-widget-container\">\n\t\t\t\t\t\t\t<div class=\"elementor-wrapper elementor-open-inline\">\n\t\t\t<iframe class=\"elementor-video-iframe\" allowfullscreen allow=\"clipboard-write\" title=\"dailymotion Video Player\" src=\"https:\/\/dailymotion.com\/embed\/video\/x7o4ehv?ui-highlight&amp;start&amp;endscreen-enable=0&amp;controls=1&amp;mute=0&amp;ui-start-screen-info=1&amp;ui-logo=1\"><\/iframe>\t\t<\/div>\n\t\t\t\t\t\t<\/div>\n\t\t\t\t<\/div>\n\t\t\t\t\t<\/div>\n\t\t<\/div>\n\t\t\t\t\t<\/div>\n\t\t<\/section>\n\t\t\t\t\t<\/div>\n\t\t<\/div>\n\t\t\t\t\t<\/div>\n\t\t<\/section>\n\t\t\t\t<section class=\"elementor-section elementor-top-section elementor-element elementor-element-6daa403 elementor-section-boxed elementor-section-height-default elementor-section-height-default\" data-id=\"6daa403\" data-element_type=\"section\">\n\t\t\t\t\t\t<div class=\"elementor-container elementor-column-gap-default\">\n\t\t\t\t\t<div class=\"elementor-column elementor-col-100 elementor-top-column elementor-element elementor-element-d69ac3a\" data-id=\"d69ac3a\" data-element_type=\"column\">\n\t\t\t<div class=\"elementor-widget-wrap elementor-element-populated\">\n\t\t\t\t\t\t<section class=\"elementor-section elementor-inner-section elementor-element elementor-element-1acd6d0 elementor-section-content-middle elementor-section-boxed elementor-section-height-default elementor-section-height-default\" data-id=\"1acd6d0\" data-element_type=\"section\" data-settings=\"{&quot;background_background&quot;:&quot;classic&quot;}\">\n\t\t\t\t\t\t\t<div class=\"elementor-background-overlay\"><\/div>\n\t\t\t\t\t\t\t<div class=\"elementor-container elementor-column-gap-default\">\n\t\t\t\t\t<div class=\"elementor-column elementor-col-50 elementor-inner-column elementor-element elementor-element-88e80c2\" data-id=\"88e80c2\" data-element_type=\"column\">\n\t\t\t<div class=\"elementor-widget-wrap elementor-element-populated\">\n\t\t\t\t\t\t<div class=\"elementor-element elementor-element-67bfc7e elementor-widget elementor-widget-heading\" data-id=\"67bfc7e\" data-element_type=\"widget\" data-widget_type=\"heading.default\">\n\t\t\t\t<div class=\"elementor-widget-container\">\n\t\t\t\t\t<h3 class=\"elementor-heading-title elementor-size-default\">July 11, 2023 | Vulcania - Issoire | Step 10<\/h3>\t\t\t\t<\/div>\n\t\t\t\t<\/div>\n\t\t\t\t<div class=\"elementor-element elementor-element-90e7d4f elementor-widget elementor-widget-text-editor\" data-id=\"90e7d4f\" data-element_type=\"widget\" data-widget_type=\"text-editor.default\">\n\t\t\t\t<div class=\"elementor-widget-container\">\n\t\t\t\t\t\t\t\t\t<p>After a rest day, the peloton takes the road for a 100% Puydomoise stage linking Vulcania, the European Park of Volcanism and Issoire la belle. A stage that will take us to the heart of the chain of puys listed as a UNESCO World Heritage Site since 2018 and the Sancy massif, a magnificent playground for runners.<\/p>\n<p>Issoire, a sports city, hosts the Tour and once again demonstrates its commitment to and to sport. The richness of its associative fabric, its heritage and its economic dynamism have made the city one of the legitimate candidates to host this 2023 edition. <\/p>\n<p>For many years, the city has been involved in the promotion of art, sport and cycling with the annual organization of the Tour Cyclisme Agglo pays d&#8217;Issoire and a stage of the Crit\u00e9rium du Dauphin\u00e9 Lib\u00e9r\u00e9 in 2021, an event in which I had the chance to participate as an artist. Indeed, the city has chosen to combine sport and art by displaying on its walls 5 of my paintings. The peloton of the criterium had also passed in front of this tribute to sport and overtaking.<\/p><\/p>\n\t\t\t\t\t\t\t\t<\/div>\n\t\t\t\t<\/div>\n\t\t\t\t<div class=\"elementor-element elementor-element-d8fa011 premium-lq__none elementor-widget elementor-widget-premium-addon-button\" data-id=\"d8fa011\" data-element_type=\"widget\" data-widget_type=\"premium-addon-button.default\">\n\t\t\t\t<div class=\"elementor-widget-container\">\n\t\t\t\t\t\n\n\t\t<a class=\"premium-button premium-button-none premium-btn-block premium-button-none\" href=\"http:\/\/luciellong.com\/en\/issoire-art-sport-urban-decoration-project\/\" target=\"_blank\">\n\t\t\t<div class=\"premium-button-text-icon-wrapper\">\n\t\t\t\t\n\t\t\t\t\t\t\t\t\t<span >\n\t\t\t\t\t\tIssoire, where how to use art to enhance sport\t\t\t\t\t<\/span>\n\t\t\t\t\t\t\t<\/div>\n\n\t\t\t\n\t\t\t\n\t\t\t\n\t\t<\/a>\n\n\n\t\t\t\t\t\t<\/div>\n\t\t\t\t<\/div>\n\t\t\t\t\t<\/div>\n\t\t<\/div>\n\t\t\t\t<div class=\"elementor-column elementor-col-50 elementor-inner-column elementor-element elementor-element-2a31806\" data-id=\"2a31806\" data-element_type=\"column\">\n\t\t\t<div class=\"elementor-widget-wrap elementor-element-populated\">\n\t\t\t\t\t\t<div class=\"elementor-element elementor-element-8b2e301 elementor-widget elementor-widget-image\" data-id=\"8b2e301\" data-element_type=\"widget\" data-widget_type=\"image.default\">\n\t\t\t\t<div class=\"elementor-widget-container\">\n\t\t\t\t\t\t\t\t\t\t\t\t\t\t\t<img loading=\"lazy\" decoding=\"async\" width=\"800\" height=\"525\" src=\"https:\/\/luciellong.com\/wp-content\/uploads\/2023\/05\/TIRZWUX.jpg\" class=\"attachment-full size-full wp-image-48854\" alt=\"Tableau de sport | Cyclisme | Arriv\u00e9e serr\u00e9e du maillot vert, jaune, \u00e0 point et arc en ciel lors d&#039;une \u00e9tape du tour de France - Painting by Lucie LLONG, painter of the movement\" srcset=\"https:\/\/luciellong.com\/wp-content\/uploads\/2023\/05\/TIRZWUX.jpg 800w, https:\/\/luciellong.com\/wp-content\/uploads\/2023\/05\/TIRZWUX-300x197.jpg 300w, https:\/\/luciellong.com\/wp-content\/uploads\/2023\/05\/TIRZWUX-768x504.jpg 768w\" sizes=\"(max-width: 800px) 100vw, 800px\" \/>\t\t\t\t\t\t\t\t\t\t\t\t\t\t\t<\/div>\n\t\t\t\t<\/div>\n\t\t\t\t<div class=\"elementor-element elementor-element-b2828f6 elementor-widget elementor-widget-text-editor\" data-id=\"b2828f6\" data-element_type=\"widget\" data-widget_type=\"text-editor.default\">\n\t\t\t\t<div class=\"elementor-widget-container\">\n\t\t\t\t\t\t\t\t\t<p>A collection of 100% bicycle equipment and accessories will be associated with an exhibition of my paintings and photos to accompany the arrival of the caravan in the city. <\/p>\n<p style=\"text-align: center;\"><strong>Exhibition from 7 to 16 July 2023<\/strong><\/p>\n<p style=\"text-align: center;\">Halle au grain d&#8217;Issoire<\/p>\n<p style=\"text-align: center;\">Inauguration on July 7 at 6 p.m.<\/p>\n\t\t\t\t\t\t\t\t<\/div>\n\t\t\t\t<\/div>\n\t\t\t\t\t<\/div>\n\t\t<\/div>\n\t\t\t\t\t<\/div>\n\t\t<\/section>\n\t\t\t\t\t<\/div>\n\t\t<\/div>\n\t\t\t\t\t<\/div>\n\t\t<\/section>\n\t\t\t\t<section class=\"elementor-section elementor-top-section elementor-element elementor-element-77a09c5 elementor-section-boxed elementor-section-height-default elementor-section-height-default\" data-id=\"77a09c5\" data-element_type=\"section\">\n\t\t\t\t\t\t<div class=\"elementor-container elementor-column-gap-default\">\n\t\t\t\t\t<div class=\"elementor-column elementor-col-100 elementor-top-column elementor-element elementor-element-f0d1372\" data-id=\"f0d1372\" data-element_type=\"column\">\n\t\t\t<div class=\"elementor-widget-wrap elementor-element-populated\">\n\t\t\t\t\t\t<section class=\"elementor-section elementor-inner-section elementor-element elementor-element-e04c933 elementor-section-content-middle elementor-section-boxed elementor-section-height-default elementor-section-height-default\" data-id=\"e04c933\" data-element_type=\"section\">\n\t\t\t\t\t\t<div class=\"elementor-container elementor-column-gap-default\">\n\t\t\t\t\t<div class=\"elementor-column elementor-col-50 elementor-inner-column elementor-element elementor-element-0032bc0\" data-id=\"0032bc0\" data-element_type=\"column\">\n\t\t\t<div class=\"elementor-widget-wrap elementor-element-populated\">\n\t\t\t\t\t\t<div class=\"elementor-element elementor-element-038bf3c elementor-widget elementor-widget-heading\" data-id=\"038bf3c\" data-element_type=\"widget\" data-widget_type=\"heading.default\">\n\t\t\t\t<div class=\"elementor-widget-container\">\n\t\t\t\t\t<h3 class=\"elementor-heading-title elementor-size-default\">July 12, 2023 | Clermont-Ferrand - Mills | Step 11<\/h3>\t\t\t\t<\/div>\n\t\t\t\t<\/div>\n\t\t\t\t<div class=\"elementor-element elementor-element-f5e0c9e elementor-widget elementor-widget-text-editor\" data-id=\"f5e0c9e\" data-element_type=\"widget\" data-widget_type=\"text-editor.default\">\n\t\t\t\t<div class=\"elementor-widget-container\">\n\t\t\t\t\t\t\t\t\t<p>A dynamic and sporty city, Clermont is an important stop for cycling this year. Starting point of this 11th stage, Clermont will also be the starting city of the Women&#8217;s Tour which will take place from 23 to 30 July 2023, the famous stage N\u00b01 which will lead the peloton to Pau this year for the final stage. <\/p>\n<p>This recognition is the symbol of the success of this city and more generally of its territory. Clermont is also the standard-bearer of the candidacy of the entire Massif Central to become the European Capital of Culture in 2028. <\/p>\n<p>The department of Puy-de-D\u00f4me organizes a collective exhibition entitled <strong><em>L&#8217;\u00e9chapp\u00e9e des artistes<\/em><\/strong> to exchange and propose the plural visions of artists (photographer, sculptors, painters) on cycling on the occasion of this double visit of the Tour de France in the city of Blaise Pascal. I am pleased to have been selected to participate and I will have the pleasure of presenting 2 works in motion. To discover from June 20, 2023 in the premises of the department.<\/p>\n\t\t\t\t\t\t\t\t<\/div>\n\t\t\t\t<\/div>\n\t\t\t\t<div class=\"elementor-element elementor-element-5bc50f0 elementor-widget elementor-widget-text-editor\" data-id=\"5bc50f0\" data-element_type=\"widget\" data-widget_type=\"text-editor.default\">\n\t\t\t\t<div class=\"elementor-widget-container\">\n\t\t\t\t\t\t\t\t\t<p style=\"text-align: center;\"><em><span style=\"font-size: 18pt;\">The artists&#8217; escape<\/span><\/em><\/p>\n<p style=\"text-align: center;\"><strong>Exhibition from June 20 to July 13, 2023<\/strong><\/p>\n<p style=\"text-align: center;\">Hotel in the department of Puy-de-D\u00f4me<\/p>\n<p style=\"text-align: center;\">Hall Ren\u00e9 Cassin<\/p>\n<p style=\"text-align: center;\">24 rue Saint-Esprit in Clermont-Ferrand<\/p>\n<p style=\"text-align: center;\">Opening June 20 at 6 p.m.<\/p>\n\t\t\t\t\t\t\t\t<\/div>\n\t\t\t\t<\/div>\n\t\t\t\t\t<\/div>\n\t\t<\/div>\n\t\t\t\t<div class=\"elementor-column elementor-col-50 elementor-inner-column elementor-element elementor-element-380843b\" data-id=\"380843b\" data-element_type=\"column\">\n\t\t\t<div class=\"elementor-widget-wrap elementor-element-populated\">\n\t\t\t\t\t\t<div class=\"elementor-element elementor-element-4b154ec elementor-widget elementor-widget-image\" data-id=\"4b154ec\" data-element_type=\"widget\" data-widget_type=\"image.default\">\n\t\t\t\t<div class=\"elementor-widget-container\">\n\t\t\t\t\t\t\t\t\t\t\t\t\t\t\t<img loading=\"lazy\" decoding=\"async\" width=\"533\" height=\"800\" src=\"https:\/\/luciellong.com\/wp-content\/uploads\/2023\/05\/art-tableau-peinture-sport-cyclisme-tour-de-france-maillot-jaune-lucie-llong-acceleration.jpg\" class=\"attachment-full size-full wp-image-48833\" alt=\"\" srcset=\"https:\/\/luciellong.com\/wp-content\/uploads\/2023\/05\/art-tableau-peinture-sport-cyclisme-tour-de-france-maillot-jaune-lucie-llong-acceleration.jpg 533w, https:\/\/luciellong.com\/wp-content\/uploads\/2023\/05\/art-tableau-peinture-sport-cyclisme-tour-de-france-maillot-jaune-lucie-llong-acceleration-200x300.jpg 200w\" sizes=\"(max-width: 533px) 100vw, 533px\" \/>\t\t\t\t\t\t\t\t\t\t\t\t\t\t\t<\/div>\n\t\t\t\t<\/div>\n\t\t\t\t\t<\/div>\n\t\t<\/div>\n\t\t\t\t\t<\/div>\n\t\t<\/section>\n\t\t\t\t\t<\/div>\n\t\t<\/div>\n\t\t\t\t\t<\/div>\n\t\t<\/section>\n\t\t\t\t<section class=\"elementor-section elementor-top-section elementor-element elementor-element-7b6cd35 elementor-section-content-middle elementor-section-boxed elementor-section-height-default elementor-section-height-default\" data-id=\"7b6cd35\" data-element_type=\"section\" data-settings=\"{&quot;background_background&quot;:&quot;classic&quot;}\">\n\t\t\t\t\t\t<div class=\"elementor-container elementor-column-gap-default\">\n\t\t\t\t\t<div class=\"elementor-column elementor-col-100 elementor-top-column elementor-element elementor-element-953116a\" data-id=\"953116a\" data-element_type=\"column\">\n\t\t\t<div class=\"elementor-widget-wrap elementor-element-populated\">\n\t\t\t\t\t\t<section class=\"elementor-section elementor-inner-section elementor-element elementor-element-d617512 elementor-section-content-middle elementor-section-boxed elementor-section-height-default elementor-section-height-default\" data-id=\"d617512\" data-element_type=\"section\">\n\t\t\t\t\t\t<div class=\"elementor-container elementor-column-gap-default\">\n\t\t\t\t\t<div class=\"elementor-column elementor-col-50 elementor-inner-column elementor-element elementor-element-a850146\" data-id=\"a850146\" data-element_type=\"column\">\n\t\t\t<div class=\"elementor-widget-wrap elementor-element-populated\">\n\t\t\t\t\t\t<div class=\"elementor-element elementor-element-dfd2255 elementor-widget elementor-widget-image\" data-id=\"dfd2255\" data-element_type=\"widget\" data-widget_type=\"image.default\">\n\t\t\t\t<div class=\"elementor-widget-container\">\n\t\t\t\t\t\t\t\t\t\t\t\t\t\t\t\t<a href=\"https:\/\/www.lcl.fr\/\" target=\"_blank\">\n\t\t\t\t\t\t\t<img loading=\"lazy\" decoding=\"async\" width=\"298\" height=\"240\" src=\"https:\/\/luciellong.com\/wp-content\/uploads\/2023\/06\/logo-lcl.png\" class=\"attachment-large size-large wp-image-49075\" alt=\"\" \/>\t\t\t\t\t\t\t\t<\/a>\n\t\t\t\t\t\t\t\t\t\t\t\t\t\t\t<\/div>\n\t\t\t\t<\/div>\n\t\t\t\t\t<\/div>\n\t\t<\/div>\n\t\t\t\t<div class=\"elementor-column elementor-col-50 elementor-inner-column elementor-element elementor-element-f45f92e\" data-id=\"f45f92e\" data-element_type=\"column\">\n\t\t\t<div class=\"elementor-widget-wrap elementor-element-populated\">\n\t\t\t\t\t\t<div class=\"elementor-element elementor-element-cfb4910 elementor-widget elementor-widget-heading\" data-id=\"cfb4910\" data-element_type=\"widget\" data-widget_type=\"heading.default\">\n\t\t\t\t<div class=\"elementor-widget-container\">\n\t\t\t\t\t<h3 class=\"elementor-heading-title elementor-size-default\">The historical partner of the yellow jersey and the Tour de France<\/h3>\t\t\t\t<\/div>\n\t\t\t\t<\/div>\n\t\t\t\t<div class=\"elementor-element elementor-element-756c836 elementor-widget elementor-widget-text-editor\" data-id=\"756c836\" data-element_type=\"widget\" data-widget_type=\"text-editor.default\">\n\t\t\t\t<div class=\"elementor-widget-container\">\n\t\t\t\t\t\t\t\t\t<p>Since 1987,&nbsp;<span style=\"font-family: var( --e-global-typography-text-font-family ), Sans-serif; font-weight: var( --e-global-typography-text-font-weight ); word-spacing: normal;\">The LCL is the proud partner of the Yellow Jersey.&nbsp;<\/span><span style=\"font-family: var( --e-global-typography-text-font-family ), Sans-serif; font-weight: var( --e-global-typography-text-font-weight ); word-spacing: normal;\">By associating its name with this legendary jersey created in 1919, the LCL highlights values of excellence, performance and commitment, all inscribed in the DNA of this company. By supporting cycling more generally, the LCL also affirms its desire to promote more sustainable practices and acts in <\/span><span style=\"font-family: var( --e-global-typography-text-font-family ), Sans-serif; font-weight: var( --e-global-typography-text-font-weight ); word-spacing: normal;\">Fervent defender&nbsp;<\/span> <span style=\"font-family: var( --e-global-typography-text-font-family ), Sans-serif; font-weight: var( --e-global-typography-text-font-weight ); word-spacing: normal;\">More environmentally friendly mobility solutions.<\/span><\/p>\n<p>This commitment is reflected in concrete actions on a daily basis through proximity to its individual and corporate customers and in its egalitarian and inclusive recruitment policy.&nbsp;<\/p>\n<p>To convince yourself, do not hesitate to go to the agency of Jaude, 2 rue blatin in Clermont-Ferrand to enjoy the exhibition until August 30, 2023 and meet the team of the agency.<\/p>\n<p><\/p>\t\t\t\t\t\t\t\t<\/div>\n\t\t\t\t<\/div>\n\t\t\t\t\t<\/div>\n\t\t<\/div>\n\t\t\t\t\t<\/div>\n\t\t<\/section>\n\t\t\t\t\t<\/div>\n\t\t<\/div>\n\t\t\t\t\t<\/div>\n\t\t<\/section>\n\t\t\t\t<section class=\"elementor-section elementor-top-section elementor-element elementor-element-0e3b8ec elementor-section-boxed elementor-section-height-default elementor-section-height-default\" data-id=\"0e3b8ec\" data-element_type=\"section\">\n\t\t\t\t\t\t<div class=\"elementor-container elementor-column-gap-default\">\n\t\t\t\t\t<div class=\"elementor-column elementor-col-100 elementor-top-column elementor-element elementor-element-7acbbcd\" data-id=\"7acbbcd\" data-element_type=\"column\">\n\t\t\t<div class=\"elementor-widget-wrap elementor-element-populated\">\n\t\t\t\t\t\t<div class=\"elementor-element elementor-element-39b77b7 elementor-widget elementor-widget-spacer\" data-id=\"39b77b7\" data-element_type=\"widget\" data-widget_type=\"spacer.default\">\n\t\t\t\t<div class=\"elementor-widget-container\">\n\t\t\t\t\t\t\t<div class=\"elementor-spacer\">\n\t\t\t<div class=\"elementor-spacer-inner\"><\/div>\n\t\t<\/div>\n\t\t\t\t\t\t<\/div>\n\t\t\t\t<\/div>\n\t\t\t\t\t<\/div>\n\t\t<\/div>\n\t\t\t\t\t<\/div>\n\t\t<\/section>\n\t\t\t\t<\/div>\n\t\t","protected":false},"excerpt":{"rendered":"<p>May 30, 2023 &#8211; The Tour de France kicks off in a unique way this year, beginning with an exhibition on cycling and sports organized by LCL, the yellow jersey sponsor with Christian Prudhomme, the Tour&#8217;s director, and the sports artist Lucie LLONG as guests. This event sets the stage for the grand spectacle of&hellip;<\/p>\n","protected":false},"author":1,"featured_media":49173,"comment_status":"open","ping_status":"open","sticky":false,"template":"","format":"standard","meta":{"footnotes":""},"categories":[531,3730,3412,3528],"tags":[],"class_list":["post-49458","post","type-post","status-publish","format-standard","has-post-thumbnail","hentry","category-work-history","category-cycling-en","category-special-report","category-sport-en"],"yoast_head":"<!-- This site is optimized with the Yoast SEO Premium plugin v26.6 (Yoast SEO v27.3) - https:\/\/yoast.com\/product\/yoast-seo-premium-wordpress\/ -->\n<title>Cycling and Art exhibition | LCL invites Christian Prudhomme and Lucie LLONG for an inauguration<\/title>\n<meta name=\"description\" content=\"LCL organizes an inauguration with Christian Prudhomme, the director of the Tour de France and the sports artist Lucie LLONG\" \/>\n<meta name=\"robots\" content=\"index, follow, max-snippet:-1, max-image-preview:large, max-video-preview:-1\" \/>\n<link rel=\"canonical\" href=\"https:\/\/luciellong.com\/en\/tour-de-france-artistic-exploration-of-cycling-with-lcl-the-yellow-jersey-sponsor-and-christian-prudhomme\/\" \/>\n<meta property=\"og:locale\" content=\"en_US\" \/>\n<meta property=\"og:type\" content=\"article\" \/>\n<meta property=\"og:title\" content=\"Tour de France: Artistic exploration of cycling with LCL, the yellow jersey sponsor and Christian Prudhomme\" \/>\n<meta property=\"og:description\" content=\"LCL organizes an inauguration with Christian Prudhomme, the director of the Tour de France and the sports artist Lucie LLONG\" \/>\n<meta property=\"og:url\" content=\"https:\/\/luciellong.com\/en\/tour-de-france-artistic-exploration-of-cycling-with-lcl-the-yellow-jersey-sponsor-and-christian-prudhomme\/\" \/>\n<meta property=\"og:site_name\" content=\"Lucie LLONG - Artiste du sport\" \/>\n<meta property=\"article:publisher\" content=\"https:\/\/www.facebook.com\/lucie.llong\" \/>\n<meta property=\"article:author\" content=\"https:\/\/www.facebook.com\/lucie.llong\" \/>\n<meta property=\"article:published_time\" content=\"2023-06-08T07:25:31+00:00\" \/>\n<meta property=\"article:modified_time\" content=\"2023-12-30T18:14:40+00:00\" \/>\n<meta property=\"og:image\" content=\"https:\/\/luciellong.com\/wp-content\/uploads\/2023\/06\/exposition-tour-de-france-LCL-christian-prudhomme-lucie-llong-cyclisme-maillot-jaune-17.jpg\" \/>\n\t<meta property=\"og:image:width\" content=\"800\" \/>\n\t<meta property=\"og:image:height\" content=\"557\" \/>\n\t<meta property=\"og:image:type\" content=\"image\/jpeg\" \/>\n<meta name=\"author\" content=\"lucie llong\" \/>\n<meta name=\"twitter:card\" content=\"summary_large_image\" \/>\n<meta name=\"twitter:label1\" content=\"Written by\" \/>\n\t<meta name=\"twitter:data1\" content=\"lucie llong\" \/>\n\t<meta name=\"twitter:label2\" content=\"Est. reading time\" \/>\n\t<meta name=\"twitter:data2\" content=\"7 minutes\" \/>\n<script type=\"application\/ld+json\" class=\"yoast-schema-graph\">{\"@context\":\"https:\\\/\\\/schema.org\",\"@graph\":[{\"@type\":\"Article\",\"@id\":\"https:\\\/\\\/luciellong.com\\\/en\\\/tour-de-france-artistic-exploration-of-cycling-with-lcl-the-yellow-jersey-sponsor-and-christian-prudhomme\\\/#article\",\"isPartOf\":{\"@id\":\"https:\\\/\\\/luciellong.com\\\/en\\\/tour-de-france-artistic-exploration-of-cycling-with-lcl-the-yellow-jersey-sponsor-and-christian-prudhomme\\\/\"},\"author\":{\"name\":\"lucie llong\",\"@id\":\"https:\\\/\\\/luciellong.com\\\/en\\\/#\\\/schema\\\/person\\\/8c51a6062ce4cca72dd2b857399eba08\"},\"headline\":\"Tour de France: Artistic exploration of cycling with LCL, the yellow jersey sponsor and Christian Prudhomme\",\"datePublished\":\"2023-06-08T07:25:31+00:00\",\"dateModified\":\"2023-12-30T18:14:40+00:00\",\"mainEntityOfPage\":{\"@id\":\"https:\\\/\\\/luciellong.com\\\/en\\\/tour-de-france-artistic-exploration-of-cycling-with-lcl-the-yellow-jersey-sponsor-and-christian-prudhomme\\\/\"},\"wordCount\":1323,\"commentCount\":0,\"publisher\":{\"@id\":\"https:\\\/\\\/luciellong.com\\\/en\\\/#\\\/schema\\\/person\\\/8c51a6062ce4cca72dd2b857399eba08\"},\"image\":{\"@id\":\"https:\\\/\\\/luciellong.com\\\/en\\\/tour-de-france-artistic-exploration-of-cycling-with-lcl-the-yellow-jersey-sponsor-and-christian-prudhomme\\\/#primaryimage\"},\"thumbnailUrl\":\"https:\\\/\\\/luciellong.com\\\/wp-content\\\/uploads\\\/2023\\\/06\\\/exposition-tour-de-france-LCL-christian-prudhomme-lucie-llong-cyclisme-maillot-jaune-17.jpg\",\"articleSection\":[\"Artwork story\",\"Cycling\",\"Special report\",\"Sport\"],\"inLanguage\":\"en-US\",\"potentialAction\":[{\"@type\":\"CommentAction\",\"name\":\"Comment\",\"target\":[\"https:\\\/\\\/luciellong.com\\\/en\\\/tour-de-france-artistic-exploration-of-cycling-with-lcl-the-yellow-jersey-sponsor-and-christian-prudhomme\\\/#respond\"]}]},{\"@type\":\"WebPage\",\"@id\":\"https:\\\/\\\/luciellong.com\\\/en\\\/tour-de-france-artistic-exploration-of-cycling-with-lcl-the-yellow-jersey-sponsor-and-christian-prudhomme\\\/\",\"url\":\"https:\\\/\\\/luciellong.com\\\/en\\\/tour-de-france-artistic-exploration-of-cycling-with-lcl-the-yellow-jersey-sponsor-and-christian-prudhomme\\\/\",\"name\":\"Cycling and Art exhibition | LCL invites Christian Prudhomme and Lucie LLONG for an inauguration\",\"isPartOf\":{\"@id\":\"https:\\\/\\\/luciellong.com\\\/en\\\/#website\"},\"primaryImageOfPage\":{\"@id\":\"https:\\\/\\\/luciellong.com\\\/en\\\/tour-de-france-artistic-exploration-of-cycling-with-lcl-the-yellow-jersey-sponsor-and-christian-prudhomme\\\/#primaryimage\"},\"image\":{\"@id\":\"https:\\\/\\\/luciellong.com\\\/en\\\/tour-de-france-artistic-exploration-of-cycling-with-lcl-the-yellow-jersey-sponsor-and-christian-prudhomme\\\/#primaryimage\"},\"thumbnailUrl\":\"https:\\\/\\\/luciellong.com\\\/wp-content\\\/uploads\\\/2023\\\/06\\\/exposition-tour-de-france-LCL-christian-prudhomme-lucie-llong-cyclisme-maillot-jaune-17.jpg\",\"datePublished\":\"2023-06-08T07:25:31+00:00\",\"dateModified\":\"2023-12-30T18:14:40+00:00\",\"description\":\"LCL organizes an inauguration with Christian Prudhomme, the director of the Tour de France and the sports artist Lucie LLONG\",\"breadcrumb\":{\"@id\":\"https:\\\/\\\/luciellong.com\\\/en\\\/tour-de-france-artistic-exploration-of-cycling-with-lcl-the-yellow-jersey-sponsor-and-christian-prudhomme\\\/#breadcrumb\"},\"inLanguage\":\"en-US\",\"potentialAction\":[{\"@type\":\"ReadAction\",\"target\":[\"https:\\\/\\\/luciellong.com\\\/en\\\/tour-de-france-artistic-exploration-of-cycling-with-lcl-the-yellow-jersey-sponsor-and-christian-prudhomme\\\/\"]}]},{\"@type\":\"ImageObject\",\"inLanguage\":\"en-US\",\"@id\":\"https:\\\/\\\/luciellong.com\\\/en\\\/tour-de-france-artistic-exploration-of-cycling-with-lcl-the-yellow-jersey-sponsor-and-christian-prudhomme\\\/#primaryimage\",\"url\":\"https:\\\/\\\/luciellong.com\\\/wp-content\\\/uploads\\\/2023\\\/06\\\/exposition-tour-de-france-LCL-christian-prudhomme-lucie-llong-cyclisme-maillot-jaune-17.jpg\",\"contentUrl\":\"https:\\\/\\\/luciellong.com\\\/wp-content\\\/uploads\\\/2023\\\/06\\\/exposition-tour-de-france-LCL-christian-prudhomme-lucie-llong-cyclisme-maillot-jaune-17.jpg\",\"width\":800,\"height\":557},{\"@type\":\"BreadcrumbList\",\"@id\":\"https:\\\/\\\/luciellong.com\\\/en\\\/tour-de-france-artistic-exploration-of-cycling-with-lcl-the-yellow-jersey-sponsor-and-christian-prudhomme\\\/#breadcrumb\",\"itemListElement\":[{\"@type\":\"ListItem\",\"position\":1,\"name\":\"Home\",\"item\":\"https:\\\/\\\/luciellong.com\\\/en\\\/\"},{\"@type\":\"ListItem\",\"position\":2,\"name\":\"Tour de France: Artistic exploration of cycling with LCL, the yellow jersey sponsor and Christian Prudhomme\"}]},{\"@type\":\"WebSite\",\"@id\":\"https:\\\/\\\/luciellong.com\\\/en\\\/#website\",\"url\":\"https:\\\/\\\/luciellong.com\\\/en\\\/\",\"name\":\"Lucie LLONG, artiste peintre du mouvement\",\"description\":\"\",\"publisher\":{\"@id\":\"https:\\\/\\\/luciellong.com\\\/en\\\/#\\\/schema\\\/person\\\/8c51a6062ce4cca72dd2b857399eba08\"},\"potentialAction\":[{\"@type\":\"SearchAction\",\"target\":{\"@type\":\"EntryPoint\",\"urlTemplate\":\"https:\\\/\\\/luciellong.com\\\/en\\\/?s={search_term_string}\"},\"query-input\":{\"@type\":\"PropertyValueSpecification\",\"valueRequired\":true,\"valueName\":\"search_term_string\"}}],\"inLanguage\":\"en-US\"},{\"@type\":[\"Person\",\"Organization\"],\"@id\":\"https:\\\/\\\/luciellong.com\\\/en\\\/#\\\/schema\\\/person\\\/8c51a6062ce4cca72dd2b857399eba08\",\"name\":\"lucie llong\",\"image\":{\"@type\":\"ImageObject\",\"inLanguage\":\"en-US\",\"@id\":\"https:\\\/\\\/luciellong.com\\\/wp-content\\\/uploads\\\/2015\\\/02\\\/LOGO_LUCIE_LLONG_small-e1424008368338.jpg\",\"url\":\"https:\\\/\\\/luciellong.com\\\/wp-content\\\/uploads\\\/2015\\\/02\\\/LOGO_LUCIE_LLONG_small-e1424008368338.jpg\",\"contentUrl\":\"https:\\\/\\\/luciellong.com\\\/wp-content\\\/uploads\\\/2015\\\/02\\\/LOGO_LUCIE_LLONG_small-e1424008368338.jpg\",\"width\":110,\"height\":110,\"caption\":\"lucie llong\"},\"logo\":{\"@id\":\"https:\\\/\\\/luciellong.com\\\/wp-content\\\/uploads\\\/2015\\\/02\\\/LOGO_LUCIE_LLONG_small-e1424008368338.jpg\"},\"sameAs\":[\"https:\\\/\\\/luciellong.com\",\"https:\\\/\\\/www.facebook.com\\\/lucie.llong\",\"https:\\\/\\\/www.instagram.com\\\/luciellong\\\/?hl=fr\",\"https:\\\/\\\/www.linkedin.com\\\/in\\\/lucie-llong-artiste-peintre\",\"https:\\\/\\\/www.youtube.com\\\/channel\\\/UC_ZOADSxS33RPPCF8LFnTdw\"]}]}<\/script>\n<!-- \/ Yoast SEO Premium plugin. -->","yoast_head_json":{"title":"Cycling and Art exhibition | LCL invites Christian Prudhomme and Lucie LLONG for an inauguration","description":"LCL organizes an inauguration with Christian Prudhomme, the director of the Tour de France and the sports artist Lucie LLONG","robots":{"index":"index","follow":"follow","max-snippet":"max-snippet:-1","max-image-preview":"max-image-preview:large","max-video-preview":"max-video-preview:-1"},"canonical":"https:\/\/luciellong.com\/en\/tour-de-france-artistic-exploration-of-cycling-with-lcl-the-yellow-jersey-sponsor-and-christian-prudhomme\/","og_locale":"en_US","og_type":"article","og_title":"Tour de France: Artistic exploration of cycling with LCL, the yellow jersey sponsor and Christian Prudhomme","og_description":"LCL organizes an inauguration with Christian Prudhomme, the director of the Tour de France and the sports artist Lucie LLONG","og_url":"https:\/\/luciellong.com\/en\/tour-de-france-artistic-exploration-of-cycling-with-lcl-the-yellow-jersey-sponsor-and-christian-prudhomme\/","og_site_name":"Lucie LLONG - Artiste du sport","article_publisher":"https:\/\/www.facebook.com\/lucie.llong","article_author":"https:\/\/www.facebook.com\/lucie.llong","article_published_time":"2023-06-08T07:25:31+00:00","article_modified_time":"2023-12-30T18:14:40+00:00","og_image":[{"width":800,"height":557,"url":"https:\/\/luciellong.com\/wp-content\/uploads\/2023\/06\/exposition-tour-de-france-LCL-christian-prudhomme-lucie-llong-cyclisme-maillot-jaune-17.jpg","type":"image\/jpeg"}],"author":"lucie llong","twitter_card":"summary_large_image","twitter_misc":{"Written by":"lucie llong","Est. reading time":"7 minutes"},"schema":{"@context":"https:\/\/schema.org","@graph":[{"@type":"Article","@id":"https:\/\/luciellong.com\/en\/tour-de-france-artistic-exploration-of-cycling-with-lcl-the-yellow-jersey-sponsor-and-christian-prudhomme\/#article","isPartOf":{"@id":"https:\/\/luciellong.com\/en\/tour-de-france-artistic-exploration-of-cycling-with-lcl-the-yellow-jersey-sponsor-and-christian-prudhomme\/"},"author":{"name":"lucie llong","@id":"https:\/\/luciellong.com\/en\/#\/schema\/person\/8c51a6062ce4cca72dd2b857399eba08"},"headline":"Tour de France: Artistic exploration of cycling with LCL, the yellow jersey sponsor and Christian Prudhomme","datePublished":"2023-06-08T07:25:31+00:00","dateModified":"2023-12-30T18:14:40+00:00","mainEntityOfPage":{"@id":"https:\/\/luciellong.com\/en\/tour-de-france-artistic-exploration-of-cycling-with-lcl-the-yellow-jersey-sponsor-and-christian-prudhomme\/"},"wordCount":1323,"commentCount":0,"publisher":{"@id":"https:\/\/luciellong.com\/en\/#\/schema\/person\/8c51a6062ce4cca72dd2b857399eba08"},"image":{"@id":"https:\/\/luciellong.com\/en\/tour-de-france-artistic-exploration-of-cycling-with-lcl-the-yellow-jersey-sponsor-and-christian-prudhomme\/#primaryimage"},"thumbnailUrl":"https:\/\/luciellong.com\/wp-content\/uploads\/2023\/06\/exposition-tour-de-france-LCL-christian-prudhomme-lucie-llong-cyclisme-maillot-jaune-17.jpg","articleSection":["Artwork story","Cycling","Special report","Sport"],"inLanguage":"en-US","potentialAction":[{"@type":"CommentAction","name":"Comment","target":["https:\/\/luciellong.com\/en\/tour-de-france-artistic-exploration-of-cycling-with-lcl-the-yellow-jersey-sponsor-and-christian-prudhomme\/#respond"]}]},{"@type":"WebPage","@id":"https:\/\/luciellong.com\/en\/tour-de-france-artistic-exploration-of-cycling-with-lcl-the-yellow-jersey-sponsor-and-christian-prudhomme\/","url":"https:\/\/luciellong.com\/en\/tour-de-france-artistic-exploration-of-cycling-with-lcl-the-yellow-jersey-sponsor-and-christian-prudhomme\/","name":"Cycling and Art exhibition | LCL invites Christian Prudhomme and Lucie LLONG for an inauguration","isPartOf":{"@id":"https:\/\/luciellong.com\/en\/#website"},"primaryImageOfPage":{"@id":"https:\/\/luciellong.com\/en\/tour-de-france-artistic-exploration-of-cycling-with-lcl-the-yellow-jersey-sponsor-and-christian-prudhomme\/#primaryimage"},"image":{"@id":"https:\/\/luciellong.com\/en\/tour-de-france-artistic-exploration-of-cycling-with-lcl-the-yellow-jersey-sponsor-and-christian-prudhomme\/#primaryimage"},"thumbnailUrl":"https:\/\/luciellong.com\/wp-content\/uploads\/2023\/06\/exposition-tour-de-france-LCL-christian-prudhomme-lucie-llong-cyclisme-maillot-jaune-17.jpg","datePublished":"2023-06-08T07:25:31+00:00","dateModified":"2023-12-30T18:14:40+00:00","description":"LCL organizes an inauguration with Christian Prudhomme, the director of the Tour de France and the sports artist Lucie LLONG","breadcrumb":{"@id":"https:\/\/luciellong.com\/en\/tour-de-france-artistic-exploration-of-cycling-with-lcl-the-yellow-jersey-sponsor-and-christian-prudhomme\/#breadcrumb"},"inLanguage":"en-US","potentialAction":[{"@type":"ReadAction","target":["https:\/\/luciellong.com\/en\/tour-de-france-artistic-exploration-of-cycling-with-lcl-the-yellow-jersey-sponsor-and-christian-prudhomme\/"]}]},{"@type":"ImageObject","inLanguage":"en-US","@id":"https:\/\/luciellong.com\/en\/tour-de-france-artistic-exploration-of-cycling-with-lcl-the-yellow-jersey-sponsor-and-christian-prudhomme\/#primaryimage","url":"https:\/\/luciellong.com\/wp-content\/uploads\/2023\/06\/exposition-tour-de-france-LCL-christian-prudhomme-lucie-llong-cyclisme-maillot-jaune-17.jpg","contentUrl":"https:\/\/luciellong.com\/wp-content\/uploads\/2023\/06\/exposition-tour-de-france-LCL-christian-prudhomme-lucie-llong-cyclisme-maillot-jaune-17.jpg","width":800,"height":557},{"@type":"BreadcrumbList","@id":"https:\/\/luciellong.com\/en\/tour-de-france-artistic-exploration-of-cycling-with-lcl-the-yellow-jersey-sponsor-and-christian-prudhomme\/#breadcrumb","itemListElement":[{"@type":"ListItem","position":1,"name":"Home","item":"https:\/\/luciellong.com\/en\/"},{"@type":"ListItem","position":2,"name":"Tour de France: Artistic exploration of cycling with LCL, the yellow jersey sponsor and Christian Prudhomme"}]},{"@type":"WebSite","@id":"https:\/\/luciellong.com\/en\/#website","url":"https:\/\/luciellong.com\/en\/","name":"Lucie LLONG, artiste peintre du mouvement","description":"","publisher":{"@id":"https:\/\/luciellong.com\/en\/#\/schema\/person\/8c51a6062ce4cca72dd2b857399eba08"},"potentialAction":[{"@type":"SearchAction","target":{"@type":"EntryPoint","urlTemplate":"https:\/\/luciellong.com\/en\/?s={search_term_string}"},"query-input":{"@type":"PropertyValueSpecification","valueRequired":true,"valueName":"search_term_string"}}],"inLanguage":"en-US"},{"@type":["Person","Organization"],"@id":"https:\/\/luciellong.com\/en\/#\/schema\/person\/8c51a6062ce4cca72dd2b857399eba08","name":"lucie llong","image":{"@type":"ImageObject","inLanguage":"en-US","@id":"https:\/\/luciellong.com\/wp-content\/uploads\/2015\/02\/LOGO_LUCIE_LLONG_small-e1424008368338.jpg","url":"https:\/\/luciellong.com\/wp-content\/uploads\/2015\/02\/LOGO_LUCIE_LLONG_small-e1424008368338.jpg","contentUrl":"https:\/\/luciellong.com\/wp-content\/uploads\/2015\/02\/LOGO_LUCIE_LLONG_small-e1424008368338.jpg","width":110,"height":110,"caption":"lucie llong"},"logo":{"@id":"https:\/\/luciellong.com\/wp-content\/uploads\/2015\/02\/LOGO_LUCIE_LLONG_small-e1424008368338.jpg"},"sameAs":["https:\/\/luciellong.com","https:\/\/www.facebook.com\/lucie.llong","https:\/\/www.instagram.com\/luciellong\/?hl=fr","https:\/\/www.linkedin.com\/in\/lucie-llong-artiste-peintre","https:\/\/www.youtube.com\/channel\/UC_ZOADSxS33RPPCF8LFnTdw"]}]}},"_links":{"self":[{"href":"https:\/\/luciellong.com\/en\/wp-json\/wp\/v2\/posts\/49458","targetHints":{"allow":["GET"]}}],"collection":[{"href":"https:\/\/luciellong.com\/en\/wp-json\/wp\/v2\/posts"}],"about":[{"href":"https:\/\/luciellong.com\/en\/wp-json\/wp\/v2\/types\/post"}],"author":[{"embeddable":true,"href":"https:\/\/luciellong.com\/en\/wp-json\/wp\/v2\/users\/1"}],"replies":[{"embeddable":true,"href":"https:\/\/luciellong.com\/en\/wp-json\/wp\/v2\/comments?post=49458"}],"version-history":[{"count":0,"href":"https:\/\/luciellong.com\/en\/wp-json\/wp\/v2\/posts\/49458\/revisions"}],"wp:featuredmedia":[{"embeddable":true,"href":"https:\/\/luciellong.com\/en\/wp-json\/wp\/v2\/media\/49173"}],"wp:attachment":[{"href":"https:\/\/luciellong.com\/en\/wp-json\/wp\/v2\/media?parent=49458"}],"wp:term":[{"taxonomy":"category","embeddable":true,"href":"https:\/\/luciellong.com\/en\/wp-json\/wp\/v2\/categories?post=49458"},{"taxonomy":"post_tag","embeddable":true,"href":"https:\/\/luciellong.com\/en\/wp-json\/wp\/v2\/tags?post=49458"}],"curies":[{"name":"wp","href":"https:\/\/api.w.org\/{rel}","templated":true}]}}